{"id":147543,"date":"2026-04-24T14:26:37","date_gmt":"2026-04-24T14:26:37","guid":{"rendered":"https:\/\/www.aib.media\/?p=147543"},"modified":"2026-04-24T14:26:37","modified_gmt":"2026-04-24T14:26:37","slug":"koupela-economie-locale-un-atelier-communal-pour-booster-les-initiatives-economiques-a-travers-les-agr","status":"publish","type":"post","link":"https:\/\/www.aib.media\/?p=147543","title":{"rendered":"Koup\u00e9la\/Economie locale : Un atelier communal pour booster les initiatives \u00e9conomiques \u00e0 travers les AGR"},"content":{"rendered":"<p>BURKINA-KOURITTENGA-ATELIER COMMUNAUX-CARTOGRAPHIE-AGR<\/p>\n<p><strong>Koup\u00e9la\/Economie locale : Un atelier communal pour booster les initiatives \u00e9conomiques \u00e0 travers les AGR<\/strong><\/p>\n<p><strong>Koup\u00e9la, 23 avr. 2026 (AIB)-Le Pr\u00e9sident de la d\u00e9l\u00e9gation sp\u00e9ciale (PDS) de la commune de Koup\u00e9la, Moumouni Sagnon, a pr\u00e9sid\u00e9, ce jeudi 23 avril 2026, un atelier communal de cartographie des opportunit\u00e9s de cr\u00e9ation et\/ou de renforcement d\u2019Activit\u00e9s g\u00e9n\u00e9ratrices de revenus (AGR). Cette rencontre s\u2019inscrit dans le cadre de la mise en \u0153uvre du projet TEELTAABA, ex\u00e9cut\u00e9 en partenariat avec l\u2019Association Zood-Noma pour le d\u00e9veloppement (AZND).\u00a0<\/strong><\/p>\n<p>La ma\u00eetrise des dynamiques locales favorables \u00e0 l\u2019\u00e9mergence et au d\u00e9veloppement d\u2019activit\u00e9s \u00e9conomiques durables, constitue un enjeu majeur pour les collectivit\u00e9s.<\/p>\n<p>C\u2019est dans cette optique que s\u2019inscrit l\u2019organisation de cet atelier, visant \u00e0 cartographier les opportunit\u00e9s de cr\u00e9ation et de renforcement des AGR dans la commune de Koup\u00e9la.<\/p>\n<p>Au cours des travaux, les participants ont proc\u00e9d\u00e9 \u00e0 l\u2019identification des secteurs et fili\u00e8res \u00e9conomiques porteurs, adapt\u00e9s aux r\u00e9alit\u00e9s locales.<\/p>\n<p>Ils ont \u00e9galement analys\u00e9 les fili\u00e8res agricoles, artisanales, commerciales et autres activit\u00e9s g\u00e9n\u00e9ratrices de revenus potentielles, tout en relevant les contraintes, d\u00e9fis et opportunit\u00e9s d\u2019am\u00e9lioration pour leur d\u00e9veloppement.<\/p>\n<p>L\u2019atelier a aussi permis de cartographier les activit\u00e9s existantes, d\u2019\u00e9valuer leur potentiel de croissance et de poser les bases d\u2019une base de donn\u00e9es ainsi que d\u2019une cartographie interactive des opportunit\u00e9s.<\/p>\n<p>Pour la charg\u00e9e de la promotion de la femme et de la jeune fille \u00e0 l\u2019OCADES Caritas Koup\u00e9la, S\u0153ur F\u00e9licit\u00e9 Sandwidi, cet atelier est d\u2019un grand int\u00e9r\u00eat.<\/p>\n<p>\u00ab Nous accompagnons des personnes vuln\u00e9rables, mais le suivi des activit\u00e9s est parfois d\u00e9courageant faute de r\u00e9sultats. Cet atelier va nous permettre de mieux orienter notre accompagnement pour plus d\u2019impact. Personnellement, je privil\u00e9gierais des activit\u00e9s comme la teinture et le tissage, qui sont tr\u00e8s demand\u00e9es actuellement, notamment avec la promotion du Faso Danfani et du Kokodonda. Ces activit\u00e9s peuvent offrir de r\u00e9elles sources de revenus aux femmes \u00bb, a-t-elle indiqu\u00e9.<\/p>\n<p>De son c\u00f4t\u00e9, le responsable de l\u2019entrepreneuriat du projet TEELTAABA, Alain Sawadogo, s\u2019est f\u00e9licit\u00e9 de la participation active des acteurs locaux.<\/p>\n<p>\u00ab Les participants ont fait preuve d\u2019assiduit\u00e9. Ils ma\u00eetrisent les r\u00e9alit\u00e9s de leur commune et ont su identifier les activit\u00e9s existantes, les contraintes et les strat\u00e9gies d\u2019am\u00e9lioration. Cela nous a permis de formuler des recommandations pertinentes pour mieux structurer les acteurs et les accompagner dans leurs initiatives entrepreneuriales \u00bb, a-t-il expliqu\u00e9.<\/p>\n<p>Il a ajout\u00e9 que le projet pr\u00e9voit des formations compl\u00e9mentaires pour permettre aux b\u00e9n\u00e9ficiaires d\u2019\u00e9laborer des plans d\u2019affaires solides.<\/p>\n<p>\u00ab Ces plans serviront de base pour la s\u00e9lection des projets \u00e0 financer. Pour ceux qui ne seront pas retenus, nous envisageons des mises en relation avec des institutions financi\u00e8res \u00bb, a pr\u00e9cis\u00e9 M. Sawadogo.<\/p>\n<p>Le Pr\u00e9sident de la d\u00e9l\u00e9gation sp\u00e9ciale (PDS) de la commune de Koup\u00e9la, Moumouni Sagnon, a salu\u00e9 la tenue de cet atelier, qu\u2019il consid\u00e8re comme une opportunit\u00e9 pour renforcer les capacit\u00e9s \u00e9conomiques des populations.<\/p>\n<p>\u00ab Nous encourageons les futurs b\u00e9n\u00e9ficiaires \u00e0 saisir cette opportunit\u00e9 avec engagement et d\u00e9termination. La cartographie et le financement sont importants, mais la r\u00e9ussite d\u00e9pendra surtout du travail et de l\u2019implication des b\u00e9n\u00e9ficiaires \u00bb, a-t-il soulign\u00e9.<\/p>\n<p>Le projet TEELTAABA, une initiative de Welthungerhilfe (WHH) financ\u00e9e par la coop\u00e9ration allemande (BMZ).<\/p>\n<p>Il intervient dans six communes des provinces du Kourittenga et du Namentenga telles que Gounghin, Kando, Koup\u00e9la, Yargo, Boulsa et Dargo, avec l\u2019appui technique de l\u2019Association Zood-Noma pour le D\u00e9veloppement (AZND).<\/p>\n<p><strong>Agence d\u2019information du Burkina<\/strong><\/p>\n<p><strong>AWS\/HB\/OO<\/strong><\/p>\n","protected":false},"excerpt":{"rendered":"<p>BURKINA-KOURITTENGA-ATELIER COMMUNAUX-CARTOGRAPHIE-AGR Koup\u00e9la\/Economie locale : Un atelier communal pour booster les initiatives \u00e9conomiques \u00e0 travers les AGR Koup\u00e9la, 23 avr. 2026 (AIB)-Le Pr\u00e9sident de la d\u00e9l\u00e9gation sp\u00e9ciale (PDS) de la commune de Koup\u00e9la, Moumouni Sagnon, a pr\u00e9sid\u00e9, ce jeudi 23 avril 2026, un atelier communal de cartographie des opportunit\u00e9s de cr\u00e9ation et\/ou de renforcement d\u2019Activit\u00e9s [&hellip;]<\/p>\n","protected":false},"author":16,"featured_media":147546,"comment_status":"open","ping_status":"open","sticky":false,"template":"","format":"standard","meta":{"advanced_seo_description":"","jetpack_seo_html_title":"","jetpack_seo_noindex":false,"jetpack_post_was_ever_published":false,"footnotes":""},"categories":[45,173,789,80,93,105,203,38,40],"tags":[],"class_list":{"0":"post-147543","1":"post","2":"type-post","3":"status-publish","4":"format-standard","5":"has-post-thumbnail","7":"category-centre-est","8":"category-depeches","9":"category-developpement","10":"category-dossiers","11":"category-flashinfos","12":"category-kouritenga","13":"category-la-une-aib","14":"category-politique","15":"category-regions"},"jetpack_featured_media_url":"https:\/\/i0.wp.com\/www.aib.media\/wp-content\/uploads\/2026\/04\/IMG-20260424-WA0058.jpg?fit=1600%2C720&ssl=1","jetpack_shortlink":"https:\/\/wp.me\/pavbHe-CnJ","_links":{"self":[{"href":"https:\/\/www.aib.media\/index.php?rest_route=\/wp\/v2\/posts\/147543","targetHints":{"allow":["GET"]}}],"collection":[{"href":"https:\/\/www.aib.media\/index.php?rest_route=\/wp\/v2\/posts"}],"about":[{"href":"https:\/\/www.aib.media\/index.php?rest_route=\/wp\/v2\/types\/post"}],"author":[{"embeddable":true,"href":"https:\/\/www.aib.media\/index.php?rest_route=\/wp\/v2\/users\/16"}],"replies":[{"embeddable":true,"href":"https:\/\/www.aib.media\/index.php?rest_route=%2Fwp%2Fv2%2Fcomments&post=147543"}],"version-history":[{"count":1,"href":"https:\/\/www.aib.media\/index.php?rest_route=\/wp\/v2\/posts\/147543\/revisions"}],"predecessor-version":[{"id":147547,"href":"https:\/\/www.aib.media\/index.php?rest_route=\/wp\/v2\/posts\/147543\/revisions\/147547"}],"wp:featuredmedia":[{"embeddable":true,"href":"https:\/\/www.aib.media\/index.php?rest_route=\/wp\/v2\/media\/147546"}],"wp:attachment":[{"href":"https:\/\/www.aib.media\/index.php?rest_route=%2Fwp%2Fv2%2Fmedia&parent=147543"}],"wp:term":[{"taxonomy":"category","embeddable":true,"href":"https:\/\/www.aib.media\/index.php?rest_route=%2Fwp%2Fv2%2Fcategories&post=147543"},{"taxonomy":"post_tag","embeddable":true,"href":"https:\/\/www.aib.media\/index.php?rest_route=%2Fwp%2Fv2%2Ftags&post=147543"}],"curies":[{"name":"wp","href":"https:\/\/api.w.org\/{rel}","templated":true}]}}