{"id":147538,"date":"2026-04-24T14:13:42","date_gmt":"2026-04-24T14:13:42","guid":{"rendered":"https:\/\/www.aib.media\/?p=147538"},"modified":"2026-04-24T14:13:42","modified_gmt":"2026-04-24T14:13:42","slug":"tannounyan-lancement-officiel-des-seances-aerobic-au-gouvernorat-de-banfora","status":"publish","type":"post","link":"https:\/\/www.aib.media\/?p=147538","title":{"rendered":"Tannounyan: Lancement officiel des s\u00e9ances a\u00e9robic au gouvernorat de Banfora"},"content":{"rendered":"<p>Burkina-Tannounyan-Como\u00e9-Banfora-Sport-S\u00e9ance-A\u00e9robic<\/p>\n<p><strong>Tannounyan: Lancement officiel des s\u00e9ances a\u00e9robic au gouvernorat de Banfora<\/strong><\/p>\n<p><strong>Banfora, 17 avril 2026, (AIB) &#8211; Le gouverneur de la r\u00e9gion des Tannounyan, Patrice Y\u00e9y\u00e9, a proc\u00e9d\u00e9 le jeudi au lancement officiel des s\u00e9ances a\u00e9robic au gouvernorat de Banfora. Initi\u00e9e par la direction r\u00e9gionale des sports, de la jeunesse et de l\u2019emploi en collaboration avec le gouvernorat de Banfora, la c\u00e9r\u00e9monie de lancement a r\u00e9uni plusieurs corps constitu\u00e9s de la r\u00e9gion dans l\u2019enceinte du gouvernorat.<\/strong><\/p>\n<p>Prenant la parole, le gouverneur Patrice Y\u00e9y\u00e9, a salu\u00e9 la forte mobilisation des responsables administratifs et des diff\u00e9rents services pr\u00e9sents. Il les a invit\u00e9s \u00e0 s\u2019approprier pleinement cette initiative en participant activement aux s\u00e9ances a\u00e9robic qui seront d\u00e9sormais organis\u00e9es chaque premier lundi du mois en soir\u00e9e, coupl\u00e9es \u00e0 la mont\u00e9e des couleurs nationales.<\/p>\n<p>Selon lui, la structure qui accueillera la c\u00e9r\u00e9monie de mont\u00e9e des couleurs nationales aura \u00e9galement la charge d\u2019organiser la s\u00e9ance a\u00e9robic le m\u00eame jour dans la soir\u00e9e, dans une dynamique de participation collective et de renforcement de l\u2019esprit d\u2019\u00e9quipe entre les services de l\u2019administration.<\/p>\n<p>Le Gouverneur a, par ailleurs, insist\u00e9 sur l\u2019importance du sport dans la vie quotidienne. A l\u2019en croire, la pratique r\u00e9guli\u00e8re d\u2019activit\u00e9s physiques contribue \u00e0 l\u2019entretien de la sant\u00e9, \u00e0 la pr\u00e9vention de plusieurs maladies et au bien-\u00eatre g\u00e9n\u00e9ral des agents publics. Au-del\u00e0 de ses bienfaits sanitaires, le sport constitue \u00e9galement un puissant facteur de coh\u00e9sion sociale, favorisant le rapprochement entre les services, le vivre-ensemble et le renforcement de l\u2019esprit de solidarit\u00e9 au sein de l\u2019administration.<br \/>\nM. Y\u00e9y\u00e9 a \u00e9galement exprim\u00e9 sa reconnaissance aux animateurs de la direction r\u00e9gionale des Sports, de la Jeunesse et de l\u2019Emploi pour leur disponibilit\u00e9 et leur engagement \u00e0 encadrer et \u00e0 animer ces s\u00e9ances a\u00e9robic au profit des travailleurs de la r\u00e9gion.<br \/>\nCette initiative vise ainsi \u00e0 promouvoir un cadre de travail sain et dynamique tout en renfor\u00e7ant la coh\u00e9sion entre les diff\u00e9rents acteurs de l\u2019administration r\u00e9gionale.<\/p>\n<p style=\"text-align: right\"><strong>Agence d\u2019information du Burkina<\/strong><br \/>\n<strong>JPY-dnk<\/strong><\/p>\n","protected":false},"excerpt":{"rendered":"<p>Burkina-Tannounyan-Como\u00e9-Banfora-Sport-S\u00e9ance-A\u00e9robic Tannounyan: Lancement officiel des s\u00e9ances a\u00e9robic au gouvernorat de Banfora Banfora, 17 avril 2026, (AIB) &#8211; Le gouverneur de la r\u00e9gion des Tannounyan, Patrice Y\u00e9y\u00e9, a proc\u00e9d\u00e9 le jeudi au lancement officiel des s\u00e9ances a\u00e9robic au gouvernorat de Banfora. Initi\u00e9e par la direction r\u00e9gionale des sports, de la jeunesse et de l\u2019emploi en collaboration [&hellip;]<\/p>\n","protected":false},"author":21,"featured_media":147539,"comment_status":"open","ping_status":"open","sticky":false,"template":"","format":"standard","meta":{"advanced_seo_description":"","jetpack_seo_html_title":"","jetpack_seo_noindex":false,"jetpack_post_was_ever_published":false,"footnotes":""},"categories":[44,100,173,789,93,203,36,39],"tags":[],"class_list":{"0":"post-147538","1":"post","2":"type-post","3":"status-publish","4":"format-standard","5":"has-post-thumbnail","7":"category-cascade","8":"category-comoe","9":"category-depeches","10":"category-developpement","11":"category-flashinfos","12":"category-la-une-aib","13":"category-societe","14":"category-sport"},"jetpack_featured_media_url":"https:\/\/i0.wp.com\/www.aib.media\/wp-content\/uploads\/2026\/04\/9-5.jpeg?fit=1280%2C960&ssl=1","jetpack_shortlink":"https:\/\/wp.me\/pavbHe-CnE","_links":{"self":[{"href":"https:\/\/www.aib.media\/index.php?rest_route=\/wp\/v2\/posts\/147538","targetHints":{"allow":["GET"]}}],"collection":[{"href":"https:\/\/www.aib.media\/index.php?rest_route=\/wp\/v2\/posts"}],"about":[{"href":"https:\/\/www.aib.media\/index.php?rest_route=\/wp\/v2\/types\/post"}],"author":[{"embeddable":true,"href":"https:\/\/www.aib.media\/index.php?rest_route=\/wp\/v2\/users\/21"}],"replies":[{"embeddable":true,"href":"https:\/\/www.aib.media\/index.php?rest_route=%2Fwp%2Fv2%2Fcomments&post=147538"}],"version-history":[{"count":1,"href":"https:\/\/www.aib.media\/index.php?rest_route=\/wp\/v2\/posts\/147538\/revisions"}],"predecessor-version":[{"id":147540,"href":"https:\/\/www.aib.media\/index.php?rest_route=\/wp\/v2\/posts\/147538\/revisions\/147540"}],"wp:featuredmedia":[{"embeddable":true,"href":"https:\/\/www.aib.media\/index.php?rest_route=\/wp\/v2\/media\/147539"}],"wp:attachment":[{"href":"https:\/\/www.aib.media\/index.php?rest_route=%2Fwp%2Fv2%2Fmedia&parent=147538"}],"wp:term":[{"taxonomy":"category","embeddable":true,"href":"https:\/\/www.aib.media\/index.php?rest_route=%2Fwp%2Fv2%2Fcategories&post=147538"},{"taxonomy":"post_tag","embeddable":true,"href":"https:\/\/www.aib.media\/index.php?rest_route=%2Fwp%2Fv2%2Ftags&post=147538"}],"curies":[{"name":"wp","href":"https:\/\/api.w.org\/{rel}","templated":true}]}}