{"id":143254,"date":"2026-03-15T15:42:13","date_gmt":"2026-03-15T15:42:13","guid":{"rendered":"https:\/\/www.aib.media\/?p=143254"},"modified":"2026-03-15T15:42:13","modified_gmt":"2026-03-15T15:42:13","slug":"bougouriba-bondigui-le-cerfi-renforce-la-fraternite-a-travers-une-rupture-collective-du-jeune","status":"publish","type":"post","link":"https:\/\/www.aib.media\/?p=143254","title":{"rendered":"Bougouriba\/Bondigui : le CERFI renforce la fraternit\u00e9 \u00e0 travers une rupture collective du je\u00fbne"},"content":{"rendered":"<p><strong>Bougouriba\/Bondigui : le CERFI renforce la fraternit\u00e9 \u00e0 travers une rupture collective du je\u00fbne<\/strong><\/p>\n<p>&nbsp;<\/p>\n<p>Bondigui, 15 mars 2026 (AIB) &#8211; La sous-section du Centre d\u2019\u00c9tudes, de Recherches et de Formation Islamiques (CERFI) de Bondigui a organis\u00e9 le samedi 14 mars 2026, une rupture collective du je\u00fbne au domicile de l\u2019un de ses membres dans le cadre de ses activit\u00e9s du mois de Ramadan.<\/p>\n<p>&nbsp;<\/p>\n<p>En ce 24\u1d49 jour du je\u00fbne musulman, les membres, militants, sympathisants et partisans du CERFI se sont retrouv\u00e9s dans un esprit de fraternit\u00e9 et de partage autour d\u2019un repas de rupture.<\/p>\n<p>&nbsp;<\/p>\n<p>Selon le secr\u00e9taire g\u00e9n\u00e9ral de la sous-section de Bondigui, Abdoulaye Traor\u00e9, ces rencontres s\u2019inscrivent dans le programme d\u2019activit\u00e9s de la structure durant le mois b\u00e9ni de Ramadan.<\/p>\n<p>\u00ab Ces ruptures communes visent \u00e0 rassembler les membres et sympathisants autour des valeurs de solidarit\u00e9, de partage et de fraternit\u00e9 en venant rompre le je\u00fbne chez un fr\u00e8re \u00bb, a-t-il expliqu\u00e9.<\/p>\n<p>&nbsp;<\/p>\n<p>Il a rappel\u00e9 qu\u2019en islam, offrir de la nourriture \u00e0 un je\u00fbneur pour rompre son je\u00fbne est un acte hautement m\u00e9ritoire. \u00ab Toute personne qui donne \u00e0 manger \u00e0 un je\u00fbneur qui rompt son je\u00fbne obtient une r\u00e9compense semblable \u00e0 la sienne, sans que cela ne diminue la r\u00e9compense du je\u00fbneur \u00bb, a-t-il soulign\u00e9, rappelant que le mois de Ramadan est une p\u00e9riode de qu\u00eate de b\u00e9n\u00e9dictions et de multiplication des bonnes actions.<\/p>\n<p>&nbsp;<\/p>\n<p>Ces moments de rupture collective constituent \u00e9galement une occasion de renforcer la coh\u00e9sion et la fraternit\u00e9 entre les membres de la structure, tout en consolidant les liens de vivre-ensemble au sein de la communaut\u00e9.<\/p>\n<p>&nbsp;<\/p>\n<p>\u00c0 chaque rencontre, un th\u00e8me en lien avec les enseignements du Ramadan est d\u00e9velopp\u00e9 afin d\u2019approfondir les connaissances religieuses des participants. Pour cette s\u00e9ance, le th\u00e8me abord\u00e9 portait sur la Zakat El Fitr, une aum\u00f4ne recommand\u00e9e par le Proph\u00e8te, destin\u00e9e aux musulmans d\u00e9munis afin de leur permettre de c\u00e9l\u00e9brer dignement la f\u00eate de Ramadan.<\/p>\n<p>&nbsp;<\/p>\n<p>Les fid\u00e8les ont ainsi \u00e9t\u00e9 \u00e9difi\u00e9s sur les modalit\u00e9s de la Zakat El Fitr, ses objectifs ainsi que les b\u00e9n\u00e9ficiaires auxquels elle doit \u00eatre destin\u00e9e. Cette aum\u00f4ne doit \u00eatre vers\u00e9e au plus tard quelques jours avant la c\u00e9l\u00e9bration de l\u2019A\u00efd El-Fitr.<\/p>\n<p>&nbsp;<\/p>\n<p>H\u00f4te de la rencontre, l\u2019inspecteur de l&rsquo;enseignement primaire, B\u00e8ma Ouattara s\u2019est dit honor\u00e9 d\u2019avoir accueilli les fid\u00e8les musulmans \u00e0 son domicile pour cette rupture collective. Selon lui, ces initiatives favorisent une meilleure connaissance mutuelle, renforcent la communion entre les fid\u00e8les et contribuent \u00e0 approfondir la pratique religieuse.<\/p>\n<p>\u00ab Ces moments permettent non seulement de partager un repas, mais aussi d\u2019apprendre davantage sur notre religion et de raffermir notre foi \u00bb, a-t-il confi\u00e9.<\/p>\n<p>&nbsp;<\/p>\n<p>\u00c0 travers ces activit\u00e9s spirituelles et conviviales, la sous-section du CERFI de Bondigui entend poursuivre son engagement en faveur de la promotion des valeurs de solidarit\u00e9, de fraternit\u00e9 et d\u2019\u00e9ducation religieuse au sein de la communaut\u00e9.<\/p>\n<p><strong>Agence d&rsquo;Information du Burkina<\/strong><\/p>\n<p><strong>HDP\/kmg\/ata<\/strong><\/p>\n","protected":false},"excerpt":{"rendered":"<p>Bougouriba\/Bondigui : le CERFI renforce la fraternit\u00e9 \u00e0 travers une rupture collective du je\u00fbne &nbsp; Bondigui, 15 mars 2026 (AIB) &#8211; La sous-section du Centre d\u2019\u00c9tudes, de Recherches et de Formation Islamiques (CERFI) de Bondigui a organis\u00e9 le samedi 14 mars 2026, une rupture collective du je\u00fbne au domicile de l\u2019un de ses membres dans [&hellip;]<\/p>\n","protected":false},"author":16,"featured_media":143255,"comment_status":"open","ping_status":"open","sticky":false,"template":"","format":"standard","meta":{"advanced_seo_description":"","jetpack_seo_html_title":"","jetpack_seo_noindex":false,"jetpack_post_was_ever_published":false,"footnotes":""},"categories":[135,173,80,93,203,38,40,36,54],"tags":[],"class_list":{"0":"post-143254","1":"post","2":"type-post","3":"status-publish","4":"format-standard","5":"has-post-thumbnail","7":"category-bougouriba","8":"category-depeches","9":"category-dossiers","10":"category-flashinfos","11":"category-la-une-aib","12":"category-politique","13":"category-regions","14":"category-societe","15":"category-sud-ouest"},"jetpack_featured_media_url":"https:\/\/i0.wp.com\/www.aib.media\/wp-content\/uploads\/2026\/03\/IMG-20260315-WA0093.jpg?fit=1280%2C960&ssl=1","jetpack_shortlink":"https:\/\/wp.me\/pavbHe-Bgy","_links":{"self":[{"href":"https:\/\/www.aib.media\/index.php?rest_route=\/wp\/v2\/posts\/143254","targetHints":{"allow":["GET"]}}],"collection":[{"href":"https:\/\/www.aib.media\/index.php?rest_route=\/wp\/v2\/posts"}],"about":[{"href":"https:\/\/www.aib.media\/index.php?rest_route=\/wp\/v2\/types\/post"}],"author":[{"embeddable":true,"href":"https:\/\/www.aib.media\/index.php?rest_route=\/wp\/v2\/users\/16"}],"replies":[{"embeddable":true,"href":"https:\/\/www.aib.media\/index.php?rest_route=%2Fwp%2Fv2%2Fcomments&post=143254"}],"version-history":[{"count":1,"href":"https:\/\/www.aib.media\/index.php?rest_route=\/wp\/v2\/posts\/143254\/revisions"}],"predecessor-version":[{"id":143256,"href":"https:\/\/www.aib.media\/index.php?rest_route=\/wp\/v2\/posts\/143254\/revisions\/143256"}],"wp:featuredmedia":[{"embeddable":true,"href":"https:\/\/www.aib.media\/index.php?rest_route=\/wp\/v2\/media\/143255"}],"wp:attachment":[{"href":"https:\/\/www.aib.media\/index.php?rest_route=%2Fwp%2Fv2%2Fmedia&parent=143254"}],"wp:term":[{"taxonomy":"category","embeddable":true,"href":"https:\/\/www.aib.media\/index.php?rest_route=%2Fwp%2Fv2%2Fcategories&post=143254"},{"taxonomy":"post_tag","embeddable":true,"href":"https:\/\/www.aib.media\/index.php?rest_route=%2Fwp%2Fv2%2Ftags&post=143254"}],"curies":[{"name":"wp","href":"https:\/\/api.w.org\/{rel}","templated":true}]}}