{"id":143251,"date":"2026-03-15T15:38:21","date_gmt":"2026-03-15T15:38:21","guid":{"rendered":"https:\/\/www.aib.media\/?p=143251"},"modified":"2026-03-15T15:38:21","modified_gmt":"2026-03-15T15:38:21","slug":"bougouriba-distinction-le-dr-issouf-banao-presente-son-prix-regional-du-merite-aux-autorites-et-aux-populations","status":"publish","type":"post","link":"https:\/\/www.aib.media\/?p=143251","title":{"rendered":"Bougouriba \/ Distinction : le Dr Issouf Banao pr\u00e9sente son \u00ab Prix r\u00e9gional du m\u00e9rite \u00bb aux autorit\u00e9s et aux populations"},"content":{"rendered":"<p><strong>Bougouriba \/ Distinction : le Dr Issouf Banao pr\u00e9sente son \u00ab Prix r\u00e9gional du m\u00e9rite \u00bb aux autorit\u00e9s et aux populations<\/strong><\/p>\n<p>&nbsp;<\/p>\n<p>Di\u00e9bougou, 14 mars 2026 (AIB) \u2013 Le directeur de la pharmacie Dandi\u00e9 de Di\u00e9bougou, Dr Issouf Banao, laur\u00e9at du \u00ab Prix r\u00e9gional du m\u00e9rite \u00bb d\u00e9cern\u00e9 par la Conf\u00e9d\u00e9ration nationale de la culture, a pr\u00e9sent\u00e9 sa distinction au gouverneur de la r\u00e9gion du Dj\u00f4r\u00f4, Siaka Barro, et aux populations, le mardi 10 mars 2026, \u00e0 l\u2019occasion de la mont\u00e9e solennelle r\u00e9gionale des couleurs nationales organis\u00e9e \u00e0 Di\u00e9bougou.<\/p>\n<p>&nbsp;<\/p>\n<p>Cette distinction a \u00e9t\u00e9 attribu\u00e9e au Dr Issouf Banao lors de la 6e \u00e9dition de la rentr\u00e9e culturelle de la Conf\u00e9d\u00e9ration nationale de la culture tenue \u00e0 Bobo-Dioulasso. Le prix r\u00e9compense son engagement et ses multiples contributions au d\u00e9veloppement du secteur culturel dans la r\u00e9gion du Dj\u00f4r\u00f4.<\/p>\n<p>&nbsp;<\/p>\n<p>La pr\u00e9sentation officielle du prix s\u2019est d\u00e9roul\u00e9e devant les autorit\u00e9s administratives, les corps constitu\u00e9s de la r\u00e9gion et de la province ainsi que les forces vives de la Bougouriba r\u00e9unies pour la traditionnelle mont\u00e9e des couleurs nationales au Haut-Commissariat de Di\u00e9bougou.<\/p>\n<p>&nbsp;<\/p>\n<p>Saluant cette reconnaissance, le gouverneur de la r\u00e9gion du Dj\u00f4r\u00f4, Siaka Barro, a f\u00e9licit\u00e9 le r\u00e9cipiendaire pour cette distinction qui, selon lui, honore non seulement son b\u00e9n\u00e9ficiaire, mais aussi l\u2019ensemble de la r\u00e9gion. Il l\u2019a encourag\u00e9 \u00e0 poursuivre ses actions en faveur de la promotion de la culture et du d\u00e9veloppement local.<\/p>\n<p>&nbsp;<\/p>\n<p>Visiblement \u00e9mu par ces marques de reconnaissance, le Dr Issouf Banao a exprim\u00e9 sa gratitude aux autorit\u00e9s r\u00e9gionales et \u00e0 la Conf\u00e9d\u00e9ration nationale de la culture pour cette distinction. Il a indiqu\u00e9 que ce prix constitue pour lui une source de motivation suppl\u00e9mentaire pour continuer \u00e0 accompagner les initiatives culturelles dans la r\u00e9gion.<\/p>\n<p>&nbsp;<\/p>\n<p>Pour les autorit\u00e9s r\u00e9gionales, cette distinction illustre l\u2019importance de l\u2019engagement des acteurs locaux dans la promotion de la culture, consid\u00e9r\u00e9e comme un levier essentiel de coh\u00e9sion sociale et de d\u00e9veloppement dans la r\u00e9gion du Dj\u00f4r\u00f4.<\/p>\n<p><strong>Agence d&rsquo;Information du Burkina<\/strong><\/p>\n<p><strong>KMG\/ata<\/strong><\/p>\n","protected":false},"excerpt":{"rendered":"<p>Bougouriba \/ Distinction : le Dr Issouf Banao pr\u00e9sente son \u00ab Prix r\u00e9gional du m\u00e9rite \u00bb aux autorit\u00e9s et aux populations &nbsp; Di\u00e9bougou, 14 mars 2026 (AIB) \u2013 Le directeur de la pharmacie Dandi\u00e9 de Di\u00e9bougou, Dr Issouf Banao, laur\u00e9at du \u00ab Prix r\u00e9gional du m\u00e9rite \u00bb d\u00e9cern\u00e9 par la Conf\u00e9d\u00e9ration nationale de la culture, [&hellip;]<\/p>\n","protected":false},"author":16,"featured_media":143252,"comment_status":"open","ping_status":"open","sticky":false,"template":"","format":"standard","meta":{"advanced_seo_description":"","jetpack_seo_html_title":"","jetpack_seo_noindex":false,"jetpack_post_was_ever_published":false,"footnotes":""},"categories":[135,173,789,80,93,203,38,40,36,54],"tags":[],"class_list":{"0":"post-143251","1":"post","2":"type-post","3":"status-publish","4":"format-standard","5":"has-post-thumbnail","7":"category-bougouriba","8":"category-depeches","9":"category-developpement","10":"category-dossiers","11":"category-flashinfos","12":"category-la-une-aib","13":"category-politique","14":"category-regions","15":"category-societe","16":"category-sud-ouest"},"jetpack_featured_media_url":"https:\/\/i0.wp.com\/www.aib.media\/wp-content\/uploads\/2026\/03\/IMG-20260315-WA0087.jpg?fit=1280%2C960&ssl=1","jetpack_shortlink":"https:\/\/wp.me\/pavbHe-Bgv","_links":{"self":[{"href":"https:\/\/www.aib.media\/index.php?rest_route=\/wp\/v2\/posts\/143251","targetHints":{"allow":["GET"]}}],"collection":[{"href":"https:\/\/www.aib.media\/index.php?rest_route=\/wp\/v2\/posts"}],"about":[{"href":"https:\/\/www.aib.media\/index.php?rest_route=\/wp\/v2\/types\/post"}],"author":[{"embeddable":true,"href":"https:\/\/www.aib.media\/index.php?rest_route=\/wp\/v2\/users\/16"}],"replies":[{"embeddable":true,"href":"https:\/\/www.aib.media\/index.php?rest_route=%2Fwp%2Fv2%2Fcomments&post=143251"}],"version-history":[{"count":1,"href":"https:\/\/www.aib.media\/index.php?rest_route=\/wp\/v2\/posts\/143251\/revisions"}],"predecessor-version":[{"id":143253,"href":"https:\/\/www.aib.media\/index.php?rest_route=\/wp\/v2\/posts\/143251\/revisions\/143253"}],"wp:featuredmedia":[{"embeddable":true,"href":"https:\/\/www.aib.media\/index.php?rest_route=\/wp\/v2\/media\/143252"}],"wp:attachment":[{"href":"https:\/\/www.aib.media\/index.php?rest_route=%2Fwp%2Fv2%2Fmedia&parent=143251"}],"wp:term":[{"taxonomy":"category","embeddable":true,"href":"https:\/\/www.aib.media\/index.php?rest_route=%2Fwp%2Fv2%2Fcategories&post=143251"},{"taxonomy":"post_tag","embeddable":true,"href":"https:\/\/www.aib.media\/index.php?rest_route=%2Fwp%2Fv2%2Ftags&post=143251"}],"curies":[{"name":"wp","href":"https:\/\/api.w.org\/{rel}","templated":true}]}}