{"id":143242,"date":"2026-03-15T15:21:42","date_gmt":"2026-03-15T15:21:42","guid":{"rendered":"https:\/\/www.aib.media\/?p=143242"},"modified":"2026-03-15T15:21:42","modified_gmt":"2026-03-15T15:21:42","slug":"soum-djibo-une-rupture-collective-pour-renforcer-la-cohesion-sociale","status":"publish","type":"post","link":"https:\/\/www.aib.media\/?p=143242","title":{"rendered":"Soum\/Djibo : Une rupture collective pour renforcer la coh\u00e9sion sociale"},"content":{"rendered":"<p><!--more--><strong>Soum\/Djibo : Une rupture collective pour renforcer la coh\u00e9sion sociale<\/strong><\/p>\n<p><strong>Djibo, 14 mars 2026 (AIB)-La coordination provinciale des organisations f\u00e9minines et la jeunesse de Djibo ont organis\u00e9, ce samedi dans l\u2019enceinte de la mairie de Djibo, une rupture collective dans le but de renforcer la coh\u00e9sion sociale et le vivre-ensemble dans la province du Soum.<\/strong><\/p>\n<p>&nbsp;<\/p>\n<p>La c\u00e9r\u00e9monie a \u00e9t\u00e9 pr\u00e9sid\u00e9e par le haut-commissaire de la province du Soum, Wend Nere Wilfried Tougma, en pr\u00e9sence de plusieurs autorit\u00e9s administratives, de leaders communautaires, ainsi que de nombreux jeunes et femmes.<\/p>\n<p>&nbsp;<\/p>\n<p>&nbsp;<\/p>\n<p>Au cours de cette rencontre marqu\u00e9e par un moment de partage et de fraternit\u00e9, les participants ont uni leurs voix pour implorer la gr\u00e2ce divine afin que l\u2019ann\u00e9e en cours soit marqu\u00e9e par un retour d\u00e9finitif de la paix et de la coh\u00e9sion sociale dans la province du Soum en particulier, et au Burkina Faso en g\u00e9n\u00e9ral.<\/p>\n<p>Cette initiative, port\u00e9e par les organisations f\u00e9minines et la jeunesse de Djibo, vise \u00e0 consolider les liens entre les diff\u00e9rentes composantes de la population dans un contexte marqu\u00e9 par des d\u00e9fis s\u00e9curitaires.<\/p>\n<p>Les organisateurs ont rappel\u00e9 que, malgr\u00e9 les difficult\u00e9s, l\u2019unit\u00e9 et la solidarit\u00e9 demeurent des valeurs essentielles pour pr\u00e9server la coh\u00e9sion sociale et promouvoir le vivre-ensemble au sein des communaut\u00e9s.<\/p>\n<p><strong>Agence d&rsquo;information du Burkina\u00a0<\/strong><\/p>\n<p><strong>AG\/ata<\/strong><\/p>\n","protected":false},"excerpt":{"rendered":"","protected":false},"author":16,"featured_media":143243,"comment_status":"open","ping_status":"open","sticky":false,"template":"","format":"standard","meta":{"advanced_seo_description":"","jetpack_seo_html_title":"","jetpack_seo_noindex":false,"jetpack_post_was_ever_published":false,"footnotes":""},"categories":[173,80,93,203,40,53,36,133],"tags":[],"class_list":{"0":"post-143242","1":"post","2":"type-post","3":"status-publish","4":"format-standard","5":"has-post-thumbnail","7":"category-depeches","8":"category-dossiers","9":"category-flashinfos","10":"category-la-une-aib","11":"category-regions","12":"category-sahel","13":"category-societe","14":"category-soum"},"jetpack_featured_media_url":"https:\/\/i0.wp.com\/www.aib.media\/wp-content\/uploads\/2026\/03\/IMG-20260315-WA0071.jpg?fit=1280%2C622&ssl=1","jetpack_shortlink":"https:\/\/wp.me\/pavbHe-Bgm","_links":{"self":[{"href":"https:\/\/www.aib.media\/index.php?rest_route=\/wp\/v2\/posts\/143242","targetHints":{"allow":["GET"]}}],"collection":[{"href":"https:\/\/www.aib.media\/index.php?rest_route=\/wp\/v2\/posts"}],"about":[{"href":"https:\/\/www.aib.media\/index.php?rest_route=\/wp\/v2\/types\/post"}],"author":[{"embeddable":true,"href":"https:\/\/www.aib.media\/index.php?rest_route=\/wp\/v2\/users\/16"}],"replies":[{"embeddable":true,"href":"https:\/\/www.aib.media\/index.php?rest_route=%2Fwp%2Fv2%2Fcomments&post=143242"}],"version-history":[{"count":1,"href":"https:\/\/www.aib.media\/index.php?rest_route=\/wp\/v2\/posts\/143242\/revisions"}],"predecessor-version":[{"id":143244,"href":"https:\/\/www.aib.media\/index.php?rest_route=\/wp\/v2\/posts\/143242\/revisions\/143244"}],"wp:featuredmedia":[{"embeddable":true,"href":"https:\/\/www.aib.media\/index.php?rest_route=\/wp\/v2\/media\/143243"}],"wp:attachment":[{"href":"https:\/\/www.aib.media\/index.php?rest_route=%2Fwp%2Fv2%2Fmedia&parent=143242"}],"wp:term":[{"taxonomy":"category","embeddable":true,"href":"https:\/\/www.aib.media\/index.php?rest_route=%2Fwp%2Fv2%2Fcategories&post=143242"},{"taxonomy":"post_tag","embeddable":true,"href":"https:\/\/www.aib.media\/index.php?rest_route=%2Fwp%2Fv2%2Ftags&post=143242"}],"curies":[{"name":"wp","href":"https:\/\/api.w.org\/{rel}","templated":true}]}}