{"id":143227,"date":"2026-03-15T07:24:52","date_gmt":"2026-03-15T07:24:52","guid":{"rendered":"https:\/\/www.aib.media\/?p=143227"},"modified":"2026-03-15T07:24:52","modified_gmt":"2026-03-15T07:24:52","slug":"burkina-un-projet-pilote-a-permis-de-restaurer-plusieurs-materiels-informatiques-de-letat","status":"publish","type":"post","link":"https:\/\/www.aib.media\/?p=143227","title":{"rendered":"Burkina : Un projet pilote a permis de restaurer plusieurs mat\u00e9riels informatiques de l\u2019\u00c9tat"},"content":{"rendered":"<p>Burkina-informatique-recyclage-mat\u00e9riels-TIC<\/p>\n<p><strong>Burkina : Un projet pilote a permis de restaurer plusieurs mat\u00e9riels informatiques de l\u2019\u00c9tat <\/strong><\/p>\n<p>Ouagadougou, 14 mars 2026 (AIB)-Le programme TIC au Faso (PROTAF), en partenariat avec l\u2019Agence nationale de promotion des TIC (ANPTIC), a anim\u00e9 une conf\u00e9rence de presse ce samedi 14 mars, pour pr\u00e9senter les r\u00e9sultats d\u2019un projet pilote baptis\u00e9 \u00ab PROTAF Recyclage \u00bb, visant \u00e0 recycler du mat\u00e9riel informatique v\u00e9tuste de l\u2019\u00c9tat afin de lui donner une seconde vie et de le redistribuer aux populations.<\/p>\n<p>Le bilan du mat\u00e9riel informatique restaur\u00e9 dans le cadre de ce projet pilote fait \u00e9tat de : 22 unit\u00e9s centrales, 10 \u00e9crans fonctionnels, 5 \u00e9crans d\u00e9fectueux en cours de r\u00e9paration, 10 claviers USB, 24 c\u00e2bles d\u2019alimentation, 12 c\u00e2bles VGA et 5 souris USB.<\/p>\n<p>Selon le coordinateur du programme TIC au Faso, Wongnin Zerbo, cette initiative consiste \u00e0 r\u00e9cup\u00e9rer des \u00e9quipements informatiques d\u00e9class\u00e9s aupr\u00e8s des services publics, \u00e0 les r\u00e9parer et \u00e0 les remettre en \u00e9tat de fonctionnement afin de leur offrir une seconde vie.<\/p>\n<p>\u00ab Nous sommes en train de pr\u00e9senter \u00e0 l\u2019opinion publique nationale et internationale les r\u00e9sultats d\u2019un projet pilote, c\u2019est. L\u2019objectif est de valoriser les investissements de l\u2019\u00c9tat en recyclant les mat\u00e9riels informatiques d\u00e9class\u00e9s afin de les redistribuer dans les collectivit\u00e9s territoriales \u00bb, a-t-il expliqu\u00e9.<\/p>\n<p>Il a pr\u00e9cis\u00e9 que le programme vise \u00e9galement \u00e0 d\u00e9centraliser les connaissances informatiques et l\u2019acc\u00e8s aux technologies au profit des populations.<\/p>\n<p>Dans ce cadre, une tourn\u00e9e est pr\u00e9vue du 17 au 30 mars 2026 dans les communes de Solenzo, Gourcy et Tougan.<\/p>\n<p>Cette tourn\u00e9e comprendra des sessions de formation en informatique bureautique, la sensibilisation sur les services num\u00e9riques de l\u2019\u00c9tat, ainsi que la remise de mat\u00e9riels recycl\u00e9s au profit de personnes vuln\u00e9rables, notamment des veuves et orphelins des Forces de d\u00e9fense et de s\u00e9curit\u00e9 (FDS) et des Volontaires pour la d\u00e9fense de la patrie (VDP).<\/p>\n<p>La directrice de la Communication, Djelika Drabo, repr\u00e9sentante du minist\u00e8re en charge de la Transition digitale, a f\u00e9licit\u00e9 cette initiative qu\u2019elle qualifie de contribution citoyenne au d\u00e9veloppement du pays.<\/p>\n<p>Selon elle, cette action s\u2019inscrit dans la vision des autorit\u00e9s burkinab\u00e8 visant \u00e0 promouvoir la digitalisation et l\u2019acc\u00e8s aux technologies num\u00e9riques sur l\u2019ensemble du territoire national.<\/p>\n<p>\u00ab La ministre de la Transition digitale, des Postes et des Communications \u00e9lectroniques, Aminata Zerbo\/Sabane, souhaite que la digitalisation atteigne toutes les localit\u00e9s du Burkina Faso, jusqu\u2019au plus petit village, afin que chaque citoyen ait acc\u00e8s \u00e0 Internet et aux services num\u00e9riques \u00bb, a-t-elle indiqu\u00e9.<\/p>\n<p>Mme Drabo a \u00e9galement encourag\u00e9 les initiatives citoyennes et invit\u00e9 les comp\u00e9tences nationales \u00e0 s\u2019impliquer davantage dans des projets contribuant au d\u00e9veloppement du pays.<\/p>\n<p>La premi\u00e8re \u00e9dition du programme PROTAF Recyclage est plac\u00e9e sous le parrainage de la ministre Aminata Zerbo\/Sabane et le co-parrainage du ministre de l\u2019\u00c9conomie et des Finances, Aboubacar Nacanabo.<\/p>\n<p><strong>Agence d\u2019information du Burkina <\/strong><\/p>\n<p><strong>OS\/yos<\/strong><\/p>\n<p>&nbsp;<\/p>\n<p>&nbsp;<\/p>\n<p>&nbsp;<\/p>\n<p>&nbsp;<\/p>\n<p>&nbsp;<\/p>\n<p>&nbsp;<\/p>\n<p>&nbsp;<\/p>\n<p>&nbsp;<\/p>\n<p>&nbsp;<\/p>\n<p>&nbsp;<\/p>\n<p>&nbsp;<\/p>\n<p>&nbsp;<\/p>\n","protected":false},"excerpt":{"rendered":"<p>Burkina-informatique-recyclage-mat\u00e9riels-TIC Burkina : Un projet pilote a permis de restaurer plusieurs mat\u00e9riels informatiques de l\u2019\u00c9tat Ouagadougou, 14 mars 2026 (AIB)-Le programme TIC au Faso (PROTAF), en partenariat avec l\u2019Agence nationale de promotion des TIC (ANPTIC), a anim\u00e9 une conf\u00e9rence de presse ce samedi 14 mars, pour pr\u00e9senter les r\u00e9sultats d\u2019un projet pilote baptis\u00e9 \u00ab PROTAF [&hellip;]<\/p>\n","protected":false},"author":16,"featured_media":143228,"comment_status":"open","ping_status":"open","sticky":false,"template":"","format":"standard","meta":{"advanced_seo_description":"","jetpack_seo_html_title":"","jetpack_seo_noindex":false,"jetpack_post_was_ever_published":false,"footnotes":""},"categories":[42,173,789,80,93,203,36],"tags":[],"class_list":{"0":"post-143227","1":"post","2":"type-post","3":"status-publish","4":"format-standard","5":"has-post-thumbnail","7":"category-centre","8":"category-depeches","9":"category-developpement","10":"category-dossiers","11":"category-flashinfos","12":"category-la-une-aib","13":"category-societe"},"jetpack_featured_media_url":"https:\/\/i0.wp.com\/www.aib.media\/wp-content\/uploads\/2026\/03\/IMG-20260314-WA0115.jpg?fit=1600%2C1066&ssl=1","jetpack_shortlink":"https:\/\/wp.me\/pavbHe-Bg7","_links":{"self":[{"href":"https:\/\/www.aib.media\/index.php?rest_route=\/wp\/v2\/posts\/143227","targetHints":{"allow":["GET"]}}],"collection":[{"href":"https:\/\/www.aib.media\/index.php?rest_route=\/wp\/v2\/posts"}],"about":[{"href":"https:\/\/www.aib.media\/index.php?rest_route=\/wp\/v2\/types\/post"}],"author":[{"embeddable":true,"href":"https:\/\/www.aib.media\/index.php?rest_route=\/wp\/v2\/users\/16"}],"replies":[{"embeddable":true,"href":"https:\/\/www.aib.media\/index.php?rest_route=%2Fwp%2Fv2%2Fcomments&post=143227"}],"version-history":[{"count":2,"href":"https:\/\/www.aib.media\/index.php?rest_route=\/wp\/v2\/posts\/143227\/revisions"}],"predecessor-version":[{"id":143230,"href":"https:\/\/www.aib.media\/index.php?rest_route=\/wp\/v2\/posts\/143227\/revisions\/143230"}],"wp:featuredmedia":[{"embeddable":true,"href":"https:\/\/www.aib.media\/index.php?rest_route=\/wp\/v2\/media\/143228"}],"wp:attachment":[{"href":"https:\/\/www.aib.media\/index.php?rest_route=%2Fwp%2Fv2%2Fmedia&parent=143227"}],"wp:term":[{"taxonomy":"category","embeddable":true,"href":"https:\/\/www.aib.media\/index.php?rest_route=%2Fwp%2Fv2%2Fcategories&post=143227"},{"taxonomy":"post_tag","embeddable":true,"href":"https:\/\/www.aib.media\/index.php?rest_route=%2Fwp%2Fv2%2Ftags&post=143227"}],"curies":[{"name":"wp","href":"https:\/\/api.w.org\/{rel}","templated":true}]}}