{"id":143217,"date":"2026-03-14T18:14:12","date_gmt":"2026-03-14T18:14:12","guid":{"rendered":"https:\/\/www.aib.media\/?p=143217"},"modified":"2026-03-14T18:56:50","modified_gmt":"2026-03-14T18:56:50","slug":"burkina-chretiens-musulmans-et-traditionalistes-analysent-la-question-la-dialogue-interreligieux","status":"publish","type":"post","link":"https:\/\/www.aib.media\/?p=143217","title":{"rendered":"Burkina: Chr\u00e9tiens, musulmans et traditionalistes analysent la question du dialogue interreligieux"},"content":{"rendered":"<p>Burkina-Religion-Dialogue-Panel<\/p>\n<p><strong>Burkina: Chr\u00e9tiens, musulmans et traditionalistes analysent la question du\u00a0 dialogue interreligieux<\/strong><\/p>\n<p><strong>Ouagadougou, 14 mars 2026 (AIB)-La commission \u00e9piscopale du dialogue interreligieux a organis\u00e9 la Semaine nationale du dialogue interreligieux qui a \u00e9t\u00e9 marqu\u00e9 le samedi 14 mars 2026 \u00e0 la cath\u00e9drale de Ouagadougou, par un panel sur le th\u00e8me \u00ab Conflits interreligieux : causes et solutions, Tendance chr\u00e9tienne, musulmane et traditionnelle \u00bb.<\/strong><\/p>\n<p>Le panel a \u00e9t\u00e9 par le Cheick Soufi Moaz Ouedraogo, l&rsquo;Abb\u00e9 \u00c9tienne Kabor\u00e9 et le Pr\u00e9sident de l\u2019Association pour la Tol\u00e9rance Religieuse et le Dialogue Intercommunautaire (ATR\/DI) et chef du village de Dawelgu\u00e9 Issaka Sourwema Naaba Boalga.<\/p>\n<p>Selon le responsable de la commission \u00e9piscopale du dialogue inter-religieux, l\u2019Abb\u00e9 Etienne Kabor\u00e9, cur\u00e9 \u00e0 Dapoya, les trois panelistes ont essay\u00e9 chacun d&rsquo;aborder la question selon la loupe de sa religion.<\/p>\n<p>De son avis, les causes des conflits sont dues \u00e0 l&rsquo;ignorance de l&rsquo;autre et de sa religion qui am\u00e8ne chacun \u00e0 croire que sa religion est la meilleure.<\/p>\n<p>L\u2019Abb\u00e9 Etienne Kabor\u00e9 a appel\u00e9 \u00e0 \u00ab un retour \u00e0 la vraie religion qui invite l&rsquo;homme \u00e0 reconna\u00eetre Dieu comme cr\u00e9ateur, \u00e0 l\u2019adorer, \u00e0 respecter la vie qu\u2019il a cr\u00e9\u00e9 et \u00e0 reconna\u00eetre son semblable comme un fr\u00e8re et une s\u0153ur \u00e0 aimer \u00bb.<\/p>\n<p>La lutte contre les conflits interreligieux passe aussi par \u00ab l&rsquo;\u00e9ducation de la jeunesse, en commen\u00e7ant par les enfants. Il faut travailler pour que tout le monde reconnaisse les valeurs des religions des uns et des autres et non les contre-valeurs \u00bb, a-t-il fait savoir.<\/p>\n<p>Dans son intervention, le Cheick Soufi Moaz Ouedraogo a cit\u00e9 des versets coraniques dans lesquelles, le proph\u00e8te Mohammed SAW, invite les fid\u00e8les musulmans \u00e0 vivre en harmonie avec leurs fr\u00e8res et s\u0153urs d\u2019autres religions.<\/p>\n<p>Pour le Pr\u00e9sident de l\u2019Association pour la Tol\u00e9rance Religieuse et le Dialogue Intercommunautaire (ATR\/DI) et chef du village de Dawelgu\u00e9, Issaka Sourwema Naaba Boalga, les causes des conflits interreligieux sont le fait du rejet des pratiques traditionnelles par certains courants religieux et aussi les influences ext\u00e9rieures et l\u2019extr\u00e9misme religieux.<\/p>\n<p>Comme solutions, il a pr\u00f4n\u00e9 le dialogue entre leaders religieux et traditionnels afin de pr\u00e9venir les tensions, promouvoir la tol\u00e9rance et renforcer la coh\u00e9sion sociale.<\/p>\n<p>Il a en cela salu\u00e9 les actions men\u00e9es depuis des d\u00e9cennies par certaines institutions au Burkina Faso comme les structures de dialogue interreligieux et l\u2019Observatoire national des faits religieux.<\/p>\n<p>Issaka Sourwema a aussi encourag\u00e9 la mise en \u0153uvre efficace des lois portant statut de la chefferie Coutumi\u00e8re et Traditionnelle et Faso bu kaor\u00e9 (justice traditionnelle) r\u00e9cemment adopt\u00e9es. Il a souhait\u00e9 une reconnaissance des religions traditionnelles comme composantes l\u00e9gitimes du patrimoine culturel africain.<\/p>\n<p>A cela, il a encourag\u00e9 l\u2019adoption d\u2019une loi portant libert\u00e9s religieuses et l\u2019\u00e9ducation \u00e0 la tol\u00e9rance religieuse dans les familles, les \u00e9coles publiques, priv\u00e9es et confessionnelles ainsi qu\u2019au sein des OSC, des m\u00e9dias et sur les r\u00e9seaux sociaux.<\/p>\n<p>&nbsp;<\/p>\n<p style=\"text-align: right\"><strong>Agence d\u2019information du Burkina<\/strong><\/p>\n<p style=\"text-align: right\"><strong>WIS\/yos<\/strong><\/p>\n","protected":false},"excerpt":{"rendered":"<p>Burkina-Religion-Dialogue-Panel Burkina: Chr\u00e9tiens, musulmans et traditionalistes analysent la question du\u00a0 dialogue interreligieux Ouagadougou, 14 mars 2026 (AIB)-La commission \u00e9piscopale du dialogue interreligieux a organis\u00e9 la Semaine nationale du dialogue interreligieux qui a \u00e9t\u00e9 marqu\u00e9 le samedi 14 mars 2026 \u00e0 la cath\u00e9drale de Ouagadougou, par un panel sur le th\u00e8me \u00ab Conflits interreligieux : causes [&hellip;]<\/p>\n","protected":false},"author":15,"featured_media":143218,"comment_status":"open","ping_status":"open","sticky":false,"template":"","format":"standard","meta":{"advanced_seo_description":"","jetpack_seo_html_title":"","jetpack_seo_noindex":false,"jetpack_post_was_ever_published":false,"footnotes":""},"categories":[173,93,102,203],"tags":[],"class_list":{"0":"post-143217","1":"post","2":"type-post","3":"status-publish","4":"format-standard","5":"has-post-thumbnail","7":"category-depeches","8":"category-flashinfos","9":"category-kadiogo","10":"category-la-une-aib"},"jetpack_featured_media_url":"https:\/\/i0.wp.com\/www.aib.media\/wp-content\/uploads\/2026\/03\/IMG-20260314-WA0083.jpg?fit=1152%2C864&ssl=1","jetpack_shortlink":"https:\/\/wp.me\/pavbHe-BfX","_links":{"self":[{"href":"https:\/\/www.aib.media\/index.php?rest_route=\/wp\/v2\/posts\/143217","targetHints":{"allow":["GET"]}}],"collection":[{"href":"https:\/\/www.aib.media\/index.php?rest_route=\/wp\/v2\/posts"}],"about":[{"href":"https:\/\/www.aib.media\/index.php?rest_route=\/wp\/v2\/types\/post"}],"author":[{"embeddable":true,"href":"https:\/\/www.aib.media\/index.php?rest_route=\/wp\/v2\/users\/15"}],"replies":[{"embeddable":true,"href":"https:\/\/www.aib.media\/index.php?rest_route=%2Fwp%2Fv2%2Fcomments&post=143217"}],"version-history":[{"count":5,"href":"https:\/\/www.aib.media\/index.php?rest_route=\/wp\/v2\/posts\/143217\/revisions"}],"predecessor-version":[{"id":143223,"href":"https:\/\/www.aib.media\/index.php?rest_route=\/wp\/v2\/posts\/143217\/revisions\/143223"}],"wp:featuredmedia":[{"embeddable":true,"href":"https:\/\/www.aib.media\/index.php?rest_route=\/wp\/v2\/media\/143218"}],"wp:attachment":[{"href":"https:\/\/www.aib.media\/index.php?rest_route=%2Fwp%2Fv2%2Fmedia&parent=143217"}],"wp:term":[{"taxonomy":"category","embeddable":true,"href":"https:\/\/www.aib.media\/index.php?rest_route=%2Fwp%2Fv2%2Fcategories&post=143217"},{"taxonomy":"post_tag","embeddable":true,"href":"https:\/\/www.aib.media\/index.php?rest_route=%2Fwp%2Fv2%2Ftags&post=143217"}],"curies":[{"name":"wp","href":"https:\/\/api.w.org\/{rel}","templated":true}]}}