{"id":143208,"date":"2026-03-14T17:21:13","date_gmt":"2026-03-14T17:21:13","guid":{"rendered":"https:\/\/www.aib.media\/?p=143208"},"modified":"2026-03-14T17:21:13","modified_gmt":"2026-03-14T17:21:13","slug":"les-eleves-de-lecole-solhan-a-decouvrent-la-fabrication-du-pain","status":"publish","type":"post","link":"https:\/\/www.aib.media\/?p=143208","title":{"rendered":"Les \u00e9l\u00e8ves de l\u2019\u00e9cole Solhan A d\u00e9couvrent la fabrication du pain"},"content":{"rendered":"<p>Burkina-Liptako-Yagha-Solhan-Education-Metier-El\u00e8ve-Primaire.<\/p>\n<p><strong>Les \u00e9l\u00e8ves de l\u2019\u00e9cole Solhan A d\u00e9couvrent la fabrication du pain<\/strong><\/p>\n<p><strong>Solha, 14 mars 2026 (AIB) &#8211; Dans le cadre de l\u2019initiation aux m\u00e9tiers en milieu scolaire, les \u00e9l\u00e8ves de l\u2019\u00e9cole Solhan A ont particip\u00e9 samedi, \u00e0 une s\u00e9ance pratique de fabrication du pain dans une boulangerie du village, a constat\u00e9 l&rsquo;AIB.\u00a0<\/strong><\/p>\n<p>&nbsp;<\/p>\n<p>L\u2019activit\u00e9, encadr\u00e9e par leurs enseignants et anim\u00e9e par un boulanger local, vise \u00e0 familiariser les apprenants avec les m\u00e9tiers manuels.<\/p>\n<p>&nbsp;<\/p>\n<p>Organis\u00e9e dans le cadre de l\u2019initiation aux m\u00e9tiers en milieu scolaire, la s\u00e9ance s\u2019est d\u00e9roul\u00e9e dans une boulangerie de la localit\u00e9 gr\u00e2ce \u00e0 l\u2019accompagnement d\u2019un sp\u00e9cialiste en boulangerie r\u00e9sidant \u00e0 Solhan. Les \u00e9l\u00e8ves, accompagn\u00e9s de leurs encadreurs, se sont rendus sur le site o\u00f9 ils ont b\u00e9n\u00e9fici\u00e9 d\u2019un cours th\u00e9orique sur les diff\u00e9rentes \u00e9tapes de fabrication du pain.<\/p>\n<p>&nbsp;<\/p>\n<p>Le formateur leur a expliqu\u00e9 le mat\u00e9riel n\u00e9cessaire, la pr\u00e9paration de la p\u00e2te ainsi que la mise en condition du four.<\/p>\n<p>Apr\u00e8s cette phase th\u00e9orique, les \u00e9l\u00e8ves sont pass\u00e9s \u00e0 la pratique.<\/p>\n<p>&nbsp;<\/p>\n<p>R\u00e9partis en groupes de travail, ils ont suivi \u00e9tape par \u00e9tape les explications du technicien, depuis le m\u00e9lange des ingr\u00e9dients jusqu\u2019\u00e0 la cuisson. Quelques minutes plus tard, les premi\u00e8res miches de pain r\u00e9alis\u00e9es par les enfants sont sorties du four, suscitant une grande joie et une fiert\u00e9 visible chez les apprenants et leurs encadreurs.<\/p>\n<p>&nbsp;<\/p>\n<p>Le directeur de l\u2019\u00e9cole Solhan A, Amadou Tamboura a salu\u00e9 la disponibilit\u00e9 du formateur du jour et a encourag\u00e9 les \u00e9l\u00e8ves \u00e0 s\u2019int\u00e9resser \u00e0 l\u2019apprentissage des m\u00e9tiers.<\/p>\n<p>&nbsp;<\/p>\n<p>Selon lui, l\u2019\u00e9cole ne peut pas tout donner aux enfants, mais elle leur ouvre des perspectives vers plusieurs domaines. Le chef de la circonscription d\u2019\u00e9ducation de base de Sebba, Bako Bali, a pour sa part f\u00e9licit\u00e9 l\u2019\u00e9quipe \u00e9ducative pour cette initiative et a invit\u00e9 les directeurs d\u2019\u00e9coles de la circonscription \u00e0 innover davantage pour le bien-\u00eatre et l\u2019\u00e9panouissement des \u00e9l\u00e8ves.<\/p>\n<p><strong>Agence d&rsquo;information du Burkina\u00a0<\/strong><\/p>\n<p><strong>MAM\/AS\/ATA<\/strong><\/p>\n","protected":false},"excerpt":{"rendered":"<p>Burkina-Liptako-Yagha-Solhan-Education-Metier-El\u00e8ve-Primaire. Les \u00e9l\u00e8ves de l\u2019\u00e9cole Solhan A d\u00e9couvrent la fabrication du pain Solha, 14 mars 2026 (AIB) &#8211; Dans le cadre de l\u2019initiation aux m\u00e9tiers en milieu scolaire, les \u00e9l\u00e8ves de l\u2019\u00e9cole Solhan A ont particip\u00e9 samedi, \u00e0 une s\u00e9ance pratique de fabrication du pain dans une boulangerie du village, a constat\u00e9 l&rsquo;AIB.\u00a0 &nbsp; L\u2019activit\u00e9, [&hellip;]<\/p>\n","protected":false},"author":16,"featured_media":143209,"comment_status":"open","ping_status":"open","sticky":false,"template":"","format":"standard","meta":{"advanced_seo_description":"","jetpack_seo_html_title":"","jetpack_seo_noindex":false,"jetpack_post_was_ever_published":false,"footnotes":""},"categories":[173,789,80,93,203,40,53,36,133],"tags":[],"class_list":{"0":"post-143208","1":"post","2":"type-post","3":"status-publish","4":"format-standard","5":"has-post-thumbnail","7":"category-depeches","8":"category-developpement","9":"category-dossiers","10":"category-flashinfos","11":"category-la-une-aib","12":"category-regions","13":"category-sahel","14":"category-societe","15":"category-soum"},"jetpack_featured_media_url":"https:\/\/i0.wp.com\/www.aib.media\/wp-content\/uploads\/2026\/03\/IMG-20260314-WA0070.jpg?fit=762%2C1016&ssl=1","jetpack_shortlink":"https:\/\/wp.me\/pavbHe-BfO","_links":{"self":[{"href":"https:\/\/www.aib.media\/index.php?rest_route=\/wp\/v2\/posts\/143208","targetHints":{"allow":["GET"]}}],"collection":[{"href":"https:\/\/www.aib.media\/index.php?rest_route=\/wp\/v2\/posts"}],"about":[{"href":"https:\/\/www.aib.media\/index.php?rest_route=\/wp\/v2\/types\/post"}],"author":[{"embeddable":true,"href":"https:\/\/www.aib.media\/index.php?rest_route=\/wp\/v2\/users\/16"}],"replies":[{"embeddable":true,"href":"https:\/\/www.aib.media\/index.php?rest_route=%2Fwp%2Fv2%2Fcomments&post=143208"}],"version-history":[{"count":1,"href":"https:\/\/www.aib.media\/index.php?rest_route=\/wp\/v2\/posts\/143208\/revisions"}],"predecessor-version":[{"id":143210,"href":"https:\/\/www.aib.media\/index.php?rest_route=\/wp\/v2\/posts\/143208\/revisions\/143210"}],"wp:featuredmedia":[{"embeddable":true,"href":"https:\/\/www.aib.media\/index.php?rest_route=\/wp\/v2\/media\/143209"}],"wp:attachment":[{"href":"https:\/\/www.aib.media\/index.php?rest_route=%2Fwp%2Fv2%2Fmedia&parent=143208"}],"wp:term":[{"taxonomy":"category","embeddable":true,"href":"https:\/\/www.aib.media\/index.php?rest_route=%2Fwp%2Fv2%2Fcategories&post=143208"},{"taxonomy":"post_tag","embeddable":true,"href":"https:\/\/www.aib.media\/index.php?rest_route=%2Fwp%2Fv2%2Ftags&post=143208"}],"curies":[{"name":"wp","href":"https:\/\/api.w.org\/{rel}","templated":true}]}}