{"id":143201,"date":"2026-03-14T16:27:55","date_gmt":"2026-03-14T16:27:55","guid":{"rendered":"https:\/\/www.aib.media\/?p=143201"},"modified":"2026-03-14T16:27:55","modified_gmt":"2026-03-14T16:27:55","slug":"lajsb-presente-ses-civilites-a-la-nouvelle-ministre-en-charge-des-sports","status":"publish","type":"post","link":"https:\/\/www.aib.media\/?p=143201","title":{"rendered":"L\u2019AJSB pr\u00e9sente ses civilit\u00e9s \u00e0 la nouvelle ministre en charge des Sports"},"content":{"rendered":"<p><strong>L\u2019AJSB pr\u00e9sente ses civilit\u00e9s \u00e0 la nouvelle ministre en charge des Sports<\/strong><\/p>\n<p>&nbsp;<\/p>\n<p><strong>Ouagadougou, 14 mars 2026 (AIB)-L\u2019Association des journalistes sportifs du Burkina (AJSB) a \u00e9t\u00e9 re\u00e7ue en audience le vendredi 13 mars 2026 par le ministre des sports, de la jeunesse et de l\u2019emploi, Annick Pickbougoum\/Zingu\u00e9 Ouattara.<\/strong><\/p>\n<p>&nbsp;<\/p>\n<p>Conduite par son pr\u00e9sident Ibrahima Diallo, la d\u00e9l\u00e9gation est all\u00e9e pr\u00e9senter ses civilit\u00e9s \u00e0 la nouvelle responsable du d\u00e9partement et lui adresser ses f\u00e9licitations pour sa nomination.<\/p>\n<p>&nbsp;<\/p>\n<p>L\u2019AJSB a \u00e9galement r\u00e9affirm\u00e9 sa disponibilit\u00e9 \u00e0 accompagner le minist\u00e8re dans la promotion et le d\u00e9veloppement des activit\u00e9s de sport, de jeunesse et d&#8217;emploi au Burkina Faso.<\/p>\n<p>La patronne du d\u00e9partement des sports a salu\u00e9 les initiatives majeures de l\u2019Association, notamment la Super Coupe AJSB (33e \u00e9dition en ao\u00fbt), la Nuit des Champions AJSB (31e \u00e9dition pr\u00e9vue en octobre) et le Prix du Joueur AJSB du mois en Fasofoot Ligue 1.<\/p>\n<p>&nbsp;<\/p>\n<p>Elle a exprim\u00e9 sa volont\u00e9 de soutenir ces actions et de renforcer la collaboration avec l\u2019AJSB, affirmant que \u00ab l\u2019AJSB et le minist\u00e8re des Sports, c\u2019est un mariage pour la vie \u00bb.<\/p>\n<p>&nbsp;<\/p>\n<p>\u00c0 noter que madame Annick Pickbougoum, 3e femme ministre des sports au Burkina est la premi\u00e8re laur\u00e9ate en handball lors de la toute premi\u00e8re Nuit des Champions AJSB.<\/p>\n<p><strong>Agence d&rsquo;information du Burkina\u00a0<\/strong><\/p>\n<p><strong>Sources : communication AJSB<\/strong><\/p>\n","protected":false},"excerpt":{"rendered":"<p>L\u2019AJSB pr\u00e9sente ses civilit\u00e9s \u00e0 la nouvelle ministre en charge des Sports &nbsp; Ouagadougou, 14 mars 2026 (AIB)-L\u2019Association des journalistes sportifs du Burkina (AJSB) a \u00e9t\u00e9 re\u00e7ue en audience le vendredi 13 mars 2026 par le ministre des sports, de la jeunesse et de l\u2019emploi, Annick Pickbougoum\/Zingu\u00e9 Ouattara. &nbsp; Conduite par son pr\u00e9sident Ibrahima Diallo, [&hellip;]<\/p>\n","protected":false},"author":16,"featured_media":143202,"comment_status":"open","ping_status":"open","sticky":false,"template":"","format":"standard","meta":{"advanced_seo_description":"","jetpack_seo_html_title":"","jetpack_seo_noindex":false,"jetpack_post_was_ever_published":false,"footnotes":""},"categories":[42,173,80,93,203,38,36,39],"tags":[],"class_list":{"0":"post-143201","1":"post","2":"type-post","3":"status-publish","4":"format-standard","5":"has-post-thumbnail","7":"category-centre","8":"category-depeches","9":"category-dossiers","10":"category-flashinfos","11":"category-la-une-aib","12":"category-politique","13":"category-societe","14":"category-sport"},"jetpack_featured_media_url":"https:\/\/i0.wp.com\/www.aib.media\/wp-content\/uploads\/2026\/03\/IMG-20260314-WA0068.jpg?fit=2560%2C1930&ssl=1","jetpack_shortlink":"https:\/\/wp.me\/pavbHe-BfH","_links":{"self":[{"href":"https:\/\/www.aib.media\/index.php?rest_route=\/wp\/v2\/posts\/143201","targetHints":{"allow":["GET"]}}],"collection":[{"href":"https:\/\/www.aib.media\/index.php?rest_route=\/wp\/v2\/posts"}],"about":[{"href":"https:\/\/www.aib.media\/index.php?rest_route=\/wp\/v2\/types\/post"}],"author":[{"embeddable":true,"href":"https:\/\/www.aib.media\/index.php?rest_route=\/wp\/v2\/users\/16"}],"replies":[{"embeddable":true,"href":"https:\/\/www.aib.media\/index.php?rest_route=%2Fwp%2Fv2%2Fcomments&post=143201"}],"version-history":[{"count":2,"href":"https:\/\/www.aib.media\/index.php?rest_route=\/wp\/v2\/posts\/143201\/revisions"}],"predecessor-version":[{"id":143205,"href":"https:\/\/www.aib.media\/index.php?rest_route=\/wp\/v2\/posts\/143201\/revisions\/143205"}],"wp:featuredmedia":[{"embeddable":true,"href":"https:\/\/www.aib.media\/index.php?rest_route=\/wp\/v2\/media\/143202"}],"wp:attachment":[{"href":"https:\/\/www.aib.media\/index.php?rest_route=%2Fwp%2Fv2%2Fmedia&parent=143201"}],"wp:term":[{"taxonomy":"category","embeddable":true,"href":"https:\/\/www.aib.media\/index.php?rest_route=%2Fwp%2Fv2%2Fcategories&post=143201"},{"taxonomy":"post_tag","embeddable":true,"href":"https:\/\/www.aib.media\/index.php?rest_route=%2Fwp%2Fv2%2Ftags&post=143201"}],"curies":[{"name":"wp","href":"https:\/\/api.w.org\/{rel}","templated":true}]}}