{"id":143192,"date":"2026-03-14T14:04:45","date_gmt":"2026-03-14T14:04:45","guid":{"rendered":"https:\/\/www.aib.media\/?p=143192"},"modified":"2026-03-14T14:04:45","modified_gmt":"2026-03-14T14:04:45","slug":"yaadga-cadre-regional-de-dialogue-le-plan-daction-de-developpement-2026-2028-adopte","status":"publish","type":"post","link":"https:\/\/www.aib.media\/?p=143192","title":{"rendered":"Yaadga\/Cadre r\u00e9gional de dialogue : Le plan d\u2019action de d\u00e9veloppement 2026-2028 adopt\u00e9"},"content":{"rendered":"<p><strong>Yaadga\/Cadre r\u00e9gional de dialogue : Le plan d\u2019action de d\u00e9veloppement 2026-2028 adopt\u00e9<\/strong><\/p>\n<p>&nbsp;<\/p>\n<p><strong>Ouahigouya, 14 mars 2026 (AIB)- Le gouverneur de la r\u00e9gion de Yaadga, Thomas Yampa a pr\u00e9sid\u00e9 le jeudi 12 mars les travaux de la premi\u00e8re session ordinaire 2026 du Cadre r\u00e9gional de dialogue (CRD) et les membres ont examin\u00e9 et adopt\u00e9 des projets de rapport et se sont appropri\u00e9s la vision du nouveau Plan National de D\u00e9veloppement (PND) d\u00e9nomm\u00e9 Plan Relance 2026-2030, a constat\u00e9 l&rsquo;AIB.<\/strong><\/p>\n<p>&nbsp;<\/p>\n<p>Cette premi\u00e8re session de l\u2019ann\u00e9e s\u2019est tenue avec pour objectif global d\u2019examiner et d\u2019adopter le rapport r\u00e9gional de performance annuelle 2025, le Plan d\u2019action r\u00e9gional de d\u00e9veloppement (PARD) 2026-2028 et de pr\u00e9senter aux membres le Plan de relance 2026-2030.<\/p>\n<p>&nbsp;<\/p>\n<p>L\u2019ouverture des travaux qui a connu une large participation des membres (112\/123), a permis au gouverneur de la r\u00e9gion de Yaadga, Thomas Yampa\u00a0d\u2019exprimer sa gratitude aux membres du cadre pour la mobilisation, gage de l\u2019int\u00e9r\u00eat port\u00e9 par l\u2019instance de suivi-\u00e9valuation de la politique nationale de d\u00e9veloppement au niveau r\u00e9gional.<\/p>\n<p>&nbsp;<\/p>\n<p>Des documents soumis \u00e0 l\u2019appr\u00e9ciation des membres du cadre, il ressort en termed de bilan 2025, que sur 126 produits attendus, 34 sont enti\u00e8rement r\u00e9alis\u00e9s, 67 sont en cours de livraison et 25 n\u2019ont pas connu de d\u00e9but de r\u00e9alisation, d\u2019o\u00f9 un taux d\u2019ex\u00e9cution physique global moyen de 78%. Du point de vue de la performance financi\u00e8re, sur une pr\u00e9vision de 58,950 milliards de FCFA, au total 43,316 milliards FCFA ont \u00e9t\u00e9 d\u00e9pens\u00e9s donnant un taux d\u2019ex\u00e9cution financi\u00e8re de 73%. L\u2019autorit\u00e9 r\u00e9gionale et les membres ont positivement appr\u00e9ci\u00e9 les performances malgr\u00e9 les entraves imputables \u00e0 la r\u00e9gulation budg\u00e9taire, \u00e0 l\u2019ins\u00e9curit\u00e9 et aux difficult\u00e9s li\u00e9es aux march\u00e9s publics entre autres.<\/p>\n<p>La communication portant sur le Plan de Relance 2026-2030 dont la vision est \u00ab\u00a0Le Burkina Faso, Nation souveraine et prosp\u00e8re, b\u00e2tissant un d\u00e9veloppement endog\u00e8ne et durable au service du bien-\u00eatre de tous\u00a0\u00bb a donn\u00e9 l\u2019opportunit\u00e9 aux membres du cadre de s\u2019approprier de son contenu. A ce propos, le premier responsable de la r\u00e9gion a salu\u00e9 les innovations de ce plan qui marque la rupture avec le cr\u00e9do du tout priv\u00e9 comme moteur de l\u2019\u00e9conomie, la mise en \u0153uvre de projets d\u2019int\u00e9r\u00eat national \u00e0 travers des instruments bien adapt\u00e9s.<\/p>\n<p>Le Pr\u00e9sident du cadre, aux termes des travaux apr\u00e8s les \u00e9changes et adoption des diff\u00e9rents rapports par les membres du CRD, a souhait\u00e9 que cette ann\u00e9e 2026 soit celle de la r\u00e9silience, de la consolidation des acquis et de la concr\u00e9tisation des projets pour b\u00e2tir ensemble une \u00e9conomie dynamique, inclusive et durable, porteuse de prosp\u00e9rit\u00e9 pour tous. \u00ab\u00a0Pour l\u2019ann\u00e9e 2026 je vous exhorte \u00e0 redoubler d\u2019effort dans l\u2019accompagnement des populations surtout celles retourn\u00e9es afin de consolider les acquis pr\u00e9cieux de nos FDS. Je vous invite \u00e9galement \u00e0 la r\u00e9silience qui est la capacit\u00e9 \u00e0 remonter les traumatismes, l\u2019art de transformer les douleurs en forces motrices pour se reconstruire \u00bb a soutenu en fin de session le gouverneur de Yaadga Thomas.<\/p>\n<p>A la faveur de la session du cadre, il a \u00e9t\u00e9 lanc\u00e9 officiellement le mois de l\u2019exemplarit\u00e9 fiscal. Plusieurs membres ont pay\u00e9 s\u00e9ance tenante leurs imp\u00f4ts. Le gouverneur a invit\u00e9 toutes les personnes imposables \u00e0 s\u2019acquitter de leur devoir civique.<\/p>\n<p>&nbsp;<\/p>\n<p><strong>Agence d\u2019information du Burkina<\/strong><\/p>\n<p><strong>pn\/as\/ata<\/strong><\/p>\n","protected":false},"excerpt":{"rendered":"<p>Yaadga\/Cadre r\u00e9gional de dialogue : Le plan d\u2019action de d\u00e9veloppement 2026-2028 adopt\u00e9 &nbsp; Ouahigouya, 14 mars 2026 (AIB)- Le gouverneur de la r\u00e9gion de Yaadga, Thomas Yampa a pr\u00e9sid\u00e9 le jeudi 12 mars les travaux de la premi\u00e8re session ordinaire 2026 du Cadre r\u00e9gional de dialogue (CRD) et les membres ont examin\u00e9 et adopt\u00e9 des [&hellip;]<\/p>\n","protected":false},"author":16,"featured_media":143193,"comment_status":"open","ping_status":"open","sticky":false,"template":"","format":"standard","meta":{"advanced_seo_description":"","jetpack_seo_html_title":"","jetpack_seo_noindex":false,"jetpack_post_was_ever_published":false,"footnotes":""},"categories":[173,789,80,93,203,51,38,40,36,126],"tags":[],"class_list":{"0":"post-143192","1":"post","2":"type-post","3":"status-publish","4":"format-standard","5":"has-post-thumbnail","7":"category-depeches","8":"category-developpement","9":"category-dossiers","10":"category-flashinfos","11":"category-la-une-aib","12":"category-nord","13":"category-politique","14":"category-regions","15":"category-societe","16":"category-yatenga"},"jetpack_featured_media_url":"https:\/\/i0.wp.com\/www.aib.media\/wp-content\/uploads\/2026\/03\/IMG-20260314-WA0044.jpg?fit=1040%2C780&ssl=1","jetpack_shortlink":"https:\/\/wp.me\/pavbHe-Bfy","_links":{"self":[{"href":"https:\/\/www.aib.media\/index.php?rest_route=\/wp\/v2\/posts\/143192","targetHints":{"allow":["GET"]}}],"collection":[{"href":"https:\/\/www.aib.media\/index.php?rest_route=\/wp\/v2\/posts"}],"about":[{"href":"https:\/\/www.aib.media\/index.php?rest_route=\/wp\/v2\/types\/post"}],"author":[{"embeddable":true,"href":"https:\/\/www.aib.media\/index.php?rest_route=\/wp\/v2\/users\/16"}],"replies":[{"embeddable":true,"href":"https:\/\/www.aib.media\/index.php?rest_route=%2Fwp%2Fv2%2Fcomments&post=143192"}],"version-history":[{"count":1,"href":"https:\/\/www.aib.media\/index.php?rest_route=\/wp\/v2\/posts\/143192\/revisions"}],"predecessor-version":[{"id":143194,"href":"https:\/\/www.aib.media\/index.php?rest_route=\/wp\/v2\/posts\/143192\/revisions\/143194"}],"wp:featuredmedia":[{"embeddable":true,"href":"https:\/\/www.aib.media\/index.php?rest_route=\/wp\/v2\/media\/143193"}],"wp:attachment":[{"href":"https:\/\/www.aib.media\/index.php?rest_route=%2Fwp%2Fv2%2Fmedia&parent=143192"}],"wp:term":[{"taxonomy":"category","embeddable":true,"href":"https:\/\/www.aib.media\/index.php?rest_route=%2Fwp%2Fv2%2Fcategories&post=143192"},{"taxonomy":"post_tag","embeddable":true,"href":"https:\/\/www.aib.media\/index.php?rest_route=%2Fwp%2Fv2%2Ftags&post=143192"}],"curies":[{"name":"wp","href":"https:\/\/api.w.org\/{rel}","templated":true}]}}