{"id":143189,"date":"2026-03-14T13:52:49","date_gmt":"2026-03-14T13:52:49","guid":{"rendered":"https:\/\/www.aib.media\/?p=143189"},"modified":"2026-03-14T13:52:49","modified_gmt":"2026-03-14T13:52:49","slug":"burkina-un-mouvement-organise-une-rupture-collective-pour-promouvoir-la-tolerance-religieuse-et-la-paix","status":"publish","type":"post","link":"https:\/\/www.aib.media\/?p=143189","title":{"rendered":"Burkina : Un mouvement organise une rupture collective pour promouvoir la tol\u00e9rance religieuse et la paix"},"content":{"rendered":"<p><strong>Burkina : Un mouvement organise une rupture collective pour promouvoir la tol\u00e9rance religieuse et la paix<\/strong><\/p>\n<p><strong>Ouagadougou, 14 mars 2026 (AIB)-Le Mouvement pour la culture de la paix et de l\u2019amour de la patrie, en collaboration avec la Fondation Cheikh Moaaz pour la coh\u00e9sion sociale, la paix et la bienveillance, a organis\u00e9 vendredi \u00e0 Ouagadougou la 2e \u00e9dition de sa rupture collective, plac\u00e9e sous le signe du renforcement de la coh\u00e9sion sociale et de la tol\u00e9rance religieuse.<\/strong><\/p>\n<p>Dans le cadre de son offensive contre l&rsquo;extr\u00e9misme religieux \u00ab STOPXTREM \u00bb, le Mouvement pour la culture de la Paix et l&rsquo;amour de la Patrie (MPAP) \u00e0 organis\u00e9 sa deuxi\u00e8me journ\u00e9e de partage de repas et une rupture collective.<\/p>\n<p>L\u2019initiative a r\u00e9uni des repr\u00e9sentants de diff\u00e9rentes confessions religieuses et des acteurs de la soci\u00e9t\u00e9 civile autour d\u2019un moment de partage et de pri\u00e8re pour la paix au Burkina Faso.<\/p>\n<p>Selon les organisateurs, cette rencontre vise \u00e0 renforcer le vivre-ensemble et \u00e0 faire de ces moments de partage un rempart contre l\u2019extr\u00e9misme religieux.<br \/>\nLe pr\u00e9sident du Mouvement pour la culture de la paix et de l\u2019amour de la patrie, Paul Marie Zoma, a rappel\u00e9 que cette activit\u00e9 se tient dans un contexte particulier marqu\u00e9 par la co\u00efncidence du car\u00eame chr\u00e9tien et du je\u00fbne musulman.<br \/>\n\u00ab En ce mois marqu\u00e9 par le car\u00eame et le je\u00fbne, nous marquons un moment de solidarit\u00e9 et de pri\u00e8re pour la nation burkinab\u00e8 \u00bb, a-t-il d\u00e9clar\u00e9.<\/p>\n<p>Prenant la parole au nom de l\u2019\u00c9glise catholique, Paul Tiendr\u00e9b\u00e9ogo a soulign\u00e9 que la promotion de la paix passe par la tol\u00e9rance et le dialogue entre les communaut\u00e9s religieuses.<\/p>\n<p>\u00ab Au-del\u00e0 des diff\u00e9rences religieuses, nous sommes des \u00eatres humains issus d\u2019Adam et \u00c8ve. D\u2019o\u00f9 la n\u00e9cessit\u00e9 de la tol\u00e9rance mutuelle et de l\u2019amour du prochain. La paix commence par un geste simple : se rencontrer, dialoguer et partager \u00bb, a-t-il affirm\u00e9.<\/p>\n<p>Pour sa part, Cheikh Moaaz Ou\u00e9draogo a rappel\u00e9 que l\u2019islam pr\u00f4ne la tol\u00e9rance et la coexistence pacifique entre les peuples. \u00ab Dieu a recommand\u00e9 que tout musulman soit tol\u00e9rant \u00bb, a-t-il soutenu.<br \/>\nLe ministre conseiller \u00e0 la Pr\u00e9sidence du Faso, Samuel Kalkoumdo, a salu\u00e9 la mobilisation des diff\u00e9rentes confessions religieuses autour de cette initiative. Il a \u00e9galement appel\u00e9 les Burkinab\u00e8 \u00e0 soutenir les efforts du Pr\u00e9sident du Faso, le capitaine Ibrahim Traor\u00e9, pour la paix et la stabilit\u00e9 du pays.<\/p>\n<p>La rupture collective s\u2019est achev\u00e9e par des pri\u00e8res et des \u00e9changes fraternels entre les participants, dans un esprit de solidarit\u00e9 et de fraternit\u00e9.<\/p>\n<p style=\"text-align: right\"><strong>Agence d\u2019information du Burkina<\/strong><br \/>\n<strong>YOS\/no<\/strong><\/p>\n","protected":false},"excerpt":{"rendered":"<p>Burkina : Un mouvement organise une rupture collective pour promouvoir la tol\u00e9rance religieuse et la paix Ouagadougou, 14 mars 2026 (AIB)-Le Mouvement pour la culture de la paix et de l\u2019amour de la patrie, en collaboration avec la Fondation Cheikh Moaaz pour la coh\u00e9sion sociale, la paix et la bienveillance, a organis\u00e9 vendredi \u00e0 Ouagadougou [&hellip;]<\/p>\n","protected":false},"author":15,"featured_media":143190,"comment_status":"open","ping_status":"open","sticky":false,"template":"","format":"standard","meta":{"advanced_seo_description":"","jetpack_seo_html_title":"","jetpack_seo_noindex":false,"jetpack_post_was_ever_published":false,"footnotes":""},"categories":[173,93,102,203],"tags":[],"class_list":{"0":"post-143189","1":"post","2":"type-post","3":"status-publish","4":"format-standard","5":"has-post-thumbnail","7":"category-depeches","8":"category-flashinfos","9":"category-kadiogo","10":"category-la-une-aib"},"jetpack_featured_media_url":"https:\/\/i0.wp.com\/www.aib.media\/wp-content\/uploads\/2026\/03\/IMG-20260314-WA0027.jpg?fit=1280%2C960&ssl=1","jetpack_shortlink":"https:\/\/wp.me\/pavbHe-Bfv","_links":{"self":[{"href":"https:\/\/www.aib.media\/index.php?rest_route=\/wp\/v2\/posts\/143189","targetHints":{"allow":["GET"]}}],"collection":[{"href":"https:\/\/www.aib.media\/index.php?rest_route=\/wp\/v2\/posts"}],"about":[{"href":"https:\/\/www.aib.media\/index.php?rest_route=\/wp\/v2\/types\/post"}],"author":[{"embeddable":true,"href":"https:\/\/www.aib.media\/index.php?rest_route=\/wp\/v2\/users\/15"}],"replies":[{"embeddable":true,"href":"https:\/\/www.aib.media\/index.php?rest_route=%2Fwp%2Fv2%2Fcomments&post=143189"}],"version-history":[{"count":1,"href":"https:\/\/www.aib.media\/index.php?rest_route=\/wp\/v2\/posts\/143189\/revisions"}],"predecessor-version":[{"id":143191,"href":"https:\/\/www.aib.media\/index.php?rest_route=\/wp\/v2\/posts\/143189\/revisions\/143191"}],"wp:featuredmedia":[{"embeddable":true,"href":"https:\/\/www.aib.media\/index.php?rest_route=\/wp\/v2\/media\/143190"}],"wp:attachment":[{"href":"https:\/\/www.aib.media\/index.php?rest_route=%2Fwp%2Fv2%2Fmedia&parent=143189"}],"wp:term":[{"taxonomy":"category","embeddable":true,"href":"https:\/\/www.aib.media\/index.php?rest_route=%2Fwp%2Fv2%2Fcategories&post=143189"},{"taxonomy":"post_tag","embeddable":true,"href":"https:\/\/www.aib.media\/index.php?rest_route=%2Fwp%2Fv2%2Ftags&post=143189"}],"curies":[{"name":"wp","href":"https:\/\/api.w.org\/{rel}","templated":true}]}}