{"id":143169,"date":"2026-03-14T08:11:38","date_gmt":"2026-03-14T08:11:38","guid":{"rendered":"https:\/\/www.aib.media\/?p=143169"},"modified":"2026-03-14T08:11:38","modified_gmt":"2026-03-14T08:11:38","slug":"la-cite-du-cavalier-rouge-dit-adieu-a-son-italien","status":"publish","type":"post","link":"https:\/\/www.aib.media\/?p=143169","title":{"rendered":"La cit\u00e9 du cavalier rouge dit adieu \u00e0 son \u00ab Italien \u00bb"},"content":{"rendered":"<p>BURKINA-BOULKIEMDE-KOUDOUGOU-INHUMATION-ENZO-PORTRAIT<\/p>\n<p>&nbsp;<\/p>\n<p><strong>La cit\u00e9 du cavalier rouge dit adieu \u00e0 son \u00ab Italien \u00bb<\/strong><\/p>\n<p><strong>Koudougou, 12 mars 2026 (AIB) &#8211; Une foule immense compos\u00e9e d\u2019autorit\u00e9s, d\u2019amis et de partenaires s\u2019est r\u00e9unie ce jeudi 12 mars pour accompagner Enzo Missoni dans sa derni\u00e8re demeure, dont le d\u00e9c\u00e8s est survenu le 25 f\u00e9vrier dernier, \u00e0 l&rsquo;\u00e2ge de 88 ans.<\/strong><\/p>\n<p>&nbsp;<\/p>\n<p>Enzo Missoni fut un missionnaire de c\u0153ur qui, par-del\u00e0 les fronti\u00e8res, avait fait de Koudougou sa ville d&rsquo;adoption et le combat de sa vie.<\/p>\n<p>Italien de naissance mais Burkinab\u00e8 dans l\u2019\u00e2me, Enzo Missoni restera dans les m\u00e9moires comme un b\u00e2tisseur et un d\u00e9fenseur de l&rsquo;humain, li\u00e9 \u00e0 la cit\u00e9 du cavalier rouge.<\/p>\n<p>&nbsp;<\/p>\n<p>Loin des projecteurs, cet artisan discret de l\u2019humanitaire a \u00e9rig\u00e9 la solidarit\u00e9 en art de vivre, transformant son Centre OASIS JB en un sanctuaire pour les plus fragiles.<\/p>\n<p>&nbsp;<\/p>\n<p>Pour les veuves, les orphelins et les anciens souvent d\u00e9laiss\u00e9s, Enzo n&rsquo;\u00e9tait pas seulement un bienfaiteur, mais un rempart contre la stigmatisation, leur redonnant le go\u00fbt de la dignit\u00e9 par l&rsquo;\u00e9ducation, la sant\u00e9 et la formation.<\/p>\n<p>&nbsp;<\/p>\n<p>Son empreinte, qualifi\u00e9e d&rsquo;ind\u00e9l\u00e9bile par les autorit\u00e9s de la r\u00e9gion de Nando, est celle d&rsquo;un homme qui a su b\u00e2tir des ponts l\u00e0 o\u00f9 la soci\u00e9t\u00e9 dressait des barri\u00e8res.<\/p>\n<p>&nbsp;<\/p>\n<p>Aujourd&rsquo;hui, alors qu&rsquo;il rejoint sa derni\u00e8re demeure en ce jeudi 12 mars 2026, il laisse derri\u00e8re lui bien plus que des b\u00e2timents : il l\u00e8gue un h\u00e9ritage de compassion immense, port\u00e9 d\u00e9sormais par son \u00e9pouse, Clarisse Enzo\/Kantiono, et une communaut\u00e9 reconnaissante qui voit en lui le symbole d&rsquo;un amour du prochain sans fronti\u00e8res.<\/p>\n<p>&nbsp;<\/p>\n<p><strong>Agence d&rsquo;information du Burkina (AIB)<\/strong><\/p>\n<p><strong>MZ\/ata<\/strong><\/p>\n","protected":false},"excerpt":{"rendered":"<p>BURKINA-BOULKIEMDE-KOUDOUGOU-INHUMATION-ENZO-PORTRAIT &nbsp; La cit\u00e9 du cavalier rouge dit adieu \u00e0 son \u00ab Italien \u00bb Koudougou, 12 mars 2026 (AIB) &#8211; Une foule immense compos\u00e9e d\u2019autorit\u00e9s, d\u2019amis et de partenaires s\u2019est r\u00e9unie ce jeudi 12 mars pour accompagner Enzo Missoni dans sa derni\u00e8re demeure, dont le d\u00e9c\u00e8s est survenu le 25 f\u00e9vrier dernier, \u00e0 l&rsquo;\u00e2ge de [&hellip;]<\/p>\n","protected":false},"author":16,"featured_media":143170,"comment_status":"open","ping_status":"open","sticky":false,"template":"","format":"standard","meta":{"advanced_seo_description":"","jetpack_seo_html_title":"","jetpack_seo_noindex":false,"jetpack_post_was_ever_published":false,"footnotes":""},"categories":[109,47,173,80,93,203,40,36],"tags":[],"class_list":{"0":"post-143169","1":"post","2":"type-post","3":"status-publish","4":"format-standard","5":"has-post-thumbnail","7":"category-boulkiemde","8":"category-centre-ouest","9":"category-depeches","10":"category-dossiers","11":"category-flashinfos","12":"category-la-une-aib","13":"category-regions","14":"category-societe"},"jetpack_featured_media_url":"https:\/\/i0.wp.com\/www.aib.media\/wp-content\/uploads\/2026\/03\/IMG-20260313-WA0066.jpg?fit=473%2C477&ssl=1","jetpack_shortlink":"https:\/\/wp.me\/pavbHe-Bfb","_links":{"self":[{"href":"https:\/\/www.aib.media\/index.php?rest_route=\/wp\/v2\/posts\/143169","targetHints":{"allow":["GET"]}}],"collection":[{"href":"https:\/\/www.aib.media\/index.php?rest_route=\/wp\/v2\/posts"}],"about":[{"href":"https:\/\/www.aib.media\/index.php?rest_route=\/wp\/v2\/types\/post"}],"author":[{"embeddable":true,"href":"https:\/\/www.aib.media\/index.php?rest_route=\/wp\/v2\/users\/16"}],"replies":[{"embeddable":true,"href":"https:\/\/www.aib.media\/index.php?rest_route=%2Fwp%2Fv2%2Fcomments&post=143169"}],"version-history":[{"count":1,"href":"https:\/\/www.aib.media\/index.php?rest_route=\/wp\/v2\/posts\/143169\/revisions"}],"predecessor-version":[{"id":143171,"href":"https:\/\/www.aib.media\/index.php?rest_route=\/wp\/v2\/posts\/143169\/revisions\/143171"}],"wp:featuredmedia":[{"embeddable":true,"href":"https:\/\/www.aib.media\/index.php?rest_route=\/wp\/v2\/media\/143170"}],"wp:attachment":[{"href":"https:\/\/www.aib.media\/index.php?rest_route=%2Fwp%2Fv2%2Fmedia&parent=143169"}],"wp:term":[{"taxonomy":"category","embeddable":true,"href":"https:\/\/www.aib.media\/index.php?rest_route=%2Fwp%2Fv2%2Fcategories&post=143169"},{"taxonomy":"post_tag","embeddable":true,"href":"https:\/\/www.aib.media\/index.php?rest_route=%2Fwp%2Fv2%2Ftags&post=143169"}],"curies":[{"name":"wp","href":"https:\/\/api.w.org\/{rel}","templated":true}]}}