{"id":143162,"date":"2026-03-13T18:24:16","date_gmt":"2026-03-13T18:24:16","guid":{"rendered":"https:\/\/www.aib.media\/?p=143162"},"modified":"2026-03-13T18:25:53","modified_gmt":"2026-03-13T18:25:53","slug":"burkina-90-eleves-officiers-a-titre-exceptionnel-et-officiers-issus-du-rang-recoivent-leurs-epaulettes-de-sous-lieutenant-2","status":"publish","type":"post","link":"https:\/\/www.aib.media\/?p=143162","title":{"rendered":"Burkina: 90 \u00e9l\u00e8ves officiers \u00e0 titre exceptionnel et officiers issus du rang re\u00e7oivent leurs \u00e9paulettes de sous-lieutenant"},"content":{"rendered":"<p>Burkina: 90 \u00e9l\u00e8ves officiers \u00e0 titre exceptionnel et officiers issus du rang re\u00e7oivent leurs \u00e9paulettes de sous-lieutenant<\/p>\n<p>Ouagadougou, 13 mars 2026 (AIB) \u2013 90 \u00e9l\u00e8ves officiers nomm\u00e9s \u00e0 titre exceptionnel et officiers issus du rang, promus au grade de sous-lieutenant apr\u00e8s plusieurs semaines de formation \u00e0 l\u2019Acad\u00e9mie militaire Georges Namoano de P\u00f4, ont re\u00e7u leurs \u00e9paulettes, ce vendredi au camp G\u00e9n\u00e9ral Sangoul\u00e9 Lamizana \u00e0 Ouagadougou, au cours d\u2019une c\u00e9r\u00e9monie officielle<\/p>\n<p>&nbsp;<\/p>\n<div class=\"youtube-embed\" data-video_id=\"j4S2pRaL8I0\"><iframe loading=\"lazy\" title=\"Sortie de promotion des sous officiers\" width=\"696\" height=\"392\" src=\"https:\/\/www.youtube.com\/embed\/j4S2pRaL8I0?feature=oembed&#038;enablejsapi=1\" frameborder=\"0\" allow=\"accelerometer; autoplay; clipboard-write; encrypted-media; gyroscope; picture-in-picture; web-share\" referrerpolicy=\"strict-origin-when-cross-origin\" allowfullscreen><\/iframe><\/div>\n","protected":false},"excerpt":{"rendered":"<p>Burkina: 90 \u00e9l\u00e8ves officiers \u00e0 titre exceptionnel et officiers issus du rang re\u00e7oivent leurs \u00e9paulettes de sous-lieutenant Ouagadougou, 13 mars 2026 (AIB) \u2013 90 \u00e9l\u00e8ves officiers nomm\u00e9s \u00e0 titre exceptionnel et officiers issus du rang, promus au grade de sous-lieutenant apr\u00e8s plusieurs semaines de formation \u00e0 l\u2019Acad\u00e9mie militaire Georges Namoano de P\u00f4, ont re\u00e7u leurs [&hellip;]<\/p>\n","protected":false},"author":15,"featured_media":0,"comment_status":"open","ping_status":"open","sticky":false,"template":"","format":"video","meta":{"advanced_seo_description":"","jetpack_seo_html_title":"","jetpack_seo_noindex":false,"jetpack_post_was_ever_published":false,"footnotes":""},"categories":[85],"tags":[],"class_list":{"0":"post-143162","1":"post","2":"type-post","3":"status-publish","4":"format-video","6":"category-video","7":"post_format-post-format-video"},"jetpack_featured_media_url":"","jetpack_shortlink":"https:\/\/wp.me\/pavbHe-Bf4","_links":{"self":[{"href":"https:\/\/www.aib.media\/index.php?rest_route=\/wp\/v2\/posts\/143162","targetHints":{"allow":["GET"]}}],"collection":[{"href":"https:\/\/www.aib.media\/index.php?rest_route=\/wp\/v2\/posts"}],"about":[{"href":"https:\/\/www.aib.media\/index.php?rest_route=\/wp\/v2\/types\/post"}],"author":[{"embeddable":true,"href":"https:\/\/www.aib.media\/index.php?rest_route=\/wp\/v2\/users\/15"}],"replies":[{"embeddable":true,"href":"https:\/\/www.aib.media\/index.php?rest_route=%2Fwp%2Fv2%2Fcomments&post=143162"}],"version-history":[{"count":2,"href":"https:\/\/www.aib.media\/index.php?rest_route=\/wp\/v2\/posts\/143162\/revisions"}],"predecessor-version":[{"id":143164,"href":"https:\/\/www.aib.media\/index.php?rest_route=\/wp\/v2\/posts\/143162\/revisions\/143164"}],"wp:attachment":[{"href":"https:\/\/www.aib.media\/index.php?rest_route=%2Fwp%2Fv2%2Fmedia&parent=143162"}],"wp:term":[{"taxonomy":"category","embeddable":true,"href":"https:\/\/www.aib.media\/index.php?rest_route=%2Fwp%2Fv2%2Fcategories&post=143162"},{"taxonomy":"post_tag","embeddable":true,"href":"https:\/\/www.aib.media\/index.php?rest_route=%2Fwp%2Fv2%2Ftags&post=143162"}],"curies":[{"name":"wp","href":"https:\/\/api.w.org\/{rel}","templated":true}]}}