{"id":143159,"date":"2026-03-13T18:20:24","date_gmt":"2026-03-13T18:20:24","guid":{"rendered":"https:\/\/www.aib.media\/?p=143159"},"modified":"2026-03-13T18:20:24","modified_gmt":"2026-03-13T18:20:24","slug":"kourweogo-le-nouveau-directeur-provincial-des-impots-appelle-a-une-mobilisation-accrue-des-recettes-fiscales","status":"publish","type":"post","link":"https:\/\/www.aib.media\/?p=143159","title":{"rendered":"Kourw\u00e9ogo : Le nouveau directeur provincial des imp\u00f4ts appelle \u00e0 une mobilisation accrue des recettes fiscales"},"content":{"rendered":"<p>BURKINA-KOURWEOGO-IMPOTS-PASSATION-CHARGES<\/p>\n<p><strong>Kourw\u00e9ogo : Le nouveau directeur provincial des imp\u00f4ts appelle \u00e0 une mobilisation accrue des recettes fiscales<\/strong><\/p>\n<p>&nbsp;<\/p>\n<p>Bouss\u00e9, le 13 mars 2026 (AIB)- Le secr\u00e9taire g\u00e9n\u00e9ral de la province du Kourweogo, Harouna Kombass\u00e9r\u00e9, a install\u00e9, le jeudi 12 mars 2026 \u00e0 Bouss\u00e9, l\u2019inspecteur des imp\u00f4ts, Nomwend\u00e9 Julien Ou\u00e9draogo, dans ses fonctions de directeur provincial des imp\u00f4ts du Kourw\u00e9ogo. Il a appel\u00e9 \u00e0 une mobilisation optimale de ressources financi\u00e8res souveraines pour le d\u00e9veloppement \u00e9conomique et social du Burkina Faso.<\/p>\n<p>&nbsp;<\/p>\n<p>Nomm\u00e9 au conseil des ministres du 12 f\u00e9vrier 2026, l\u2019inspecteur des imp\u00f4ts, Nomwend\u00e9 Julien Ou\u00e9draogo, a pris service le 12 mars 2026 \u00e0 la t\u00eate de la direction provinciale des imp\u00f4ts du Kourw\u00e9ogo.<\/p>\n<p>&nbsp;<\/p>\n<p>Il succ\u00e8de ainsi \u00e0 ce poste l\u2019inspecteur des imp\u00f4ts, Lassan\u00e9 Zabr\u00e9, qui a pass\u00e9 05 ans dans la province.<\/p>\n<p>&nbsp;<\/p>\n<p>Le nouveau directeur provincial des Imp\u00f4ts, a dit qu\u2019au-del\u00e0 de l\u2019expression des sentiments de joie qui l\u2019anime, c\u2019est essentiellement des mots de remerciement et de reconnaissance \u00e0 l\u2019endroit de sa hi\u00e9rarchie pour avoir port\u00e9 leur choix sur sa personne afin de poursuivre la conduite des missions assign\u00e9es \u00e0 la direction.<\/p>\n<p>&nbsp;<\/p>\n<p>Il a d\u00e9clar\u00e9 encore que c\u2019est un engagement personnel et la formulation de mots d\u2019espoir pour la r\u00e9ussite de sa mission.<\/p>\n<p>&nbsp;<\/p>\n<p>Nomwend\u00e9 Julien Ou\u00e9draogo, a dit prendre la mesure de la t\u00e2che et de la responsabilit\u00e9 qui l\u2019incombe.<\/p>\n<p>&nbsp;<\/p>\n<p>\u00ab La mission est certes difficile car il s\u2019agit de maintenir au moins la bonne dynamique imprim\u00e9e de cette direction provinciale par ses pr\u00e9d\u00e9cesseurs, d\u2019\u0153uvrer \u00e0 hisser la direction provinciale encore plus haut dans un contexte national marqu\u00e9e par le d\u00e9fi s\u00e9curitaire et de lutte pour la souverainet\u00e9 \u00e9conomique \u00bb, a dit M. Ou\u00e9draogo.<\/p>\n<p>&nbsp;<\/p>\n<p>Rappelant qu\u2019un seul doigt ne ramasse pas la farine, le nouveau directeur provincial, a sollicit\u00e9 l\u2019accompagnement de sa hi\u00e9rarchie au niveau r\u00e9gional, des autorit\u00e9s administratives de la province et des premiers responsables des collectivit\u00e9s territoriales.<\/p>\n<p>&nbsp;<\/p>\n<p>Il a appel\u00e9 ses collaborateurs \u00e0 l\u2019unit\u00e9 et \u00e0 une franche collaboration afin d\u2019atteindre les objectifs de la direction.<\/p>\n<p>&nbsp;<\/p>\n<p>Nomwend\u00e9 Julien Ou\u00e9draogo, s\u2019est engag\u00e9 \u00e0 \u0153uvrer pour l\u2019am\u00e9lioration des conditions de travail du personnel et de veiller \u00e0 la qualit\u00e9 des prestations rendues \u00e0 aux contribuables.<\/p>\n<p>&nbsp;<\/p>\n<p>\u00ab Conditions n\u00e9cessaires \u00e0 une mobilisation optimale de ressources financi\u00e8res souveraines pour le d\u00e9veloppement \u00e9conomique et social du Burkina Faso \u00bb, a-t-il pr\u00e9cis\u00e9.<\/p>\n<p>&nbsp;<\/p>\n<p>Le directeur provincial sorti, Lassan\u00e9 Zabr\u00e9, a indiqu\u00e9 que 05 ans n\u2019est pas seulement une dur\u00e9e administrative mais un temps d\u2019apprentissage, de d\u00e9fis, de prise de d\u00e9cisions d\u2019efforts collectifs et responsabilit\u00e9s assum\u00e9es.<\/p>\n<p>&nbsp;<\/p>\n<p>Faisant le bilan chiffr\u00e9 des recouvrements de la direction tant pour le budget national que pour le compte des collectivit\u00e9s sur la p\u00e9riode de 2021 \u00e0 2025, M. Zabr\u00e9, a fait mention d\u2019un montant de 1 547 863 095 F CFA sur une pr\u00e9vision 1 364 066 480 F CFA soit un taux de r\u00e9alisation de 116%.<\/p>\n<p>&nbsp;<\/p>\n<p>Cette performance, selon lui, est \u00e0 l\u2019honneur des contribuables de la province, aux agents de la direction, mais \u00e9galement aux forces vives de la localit\u00e9.<\/p>\n<p>&nbsp;<\/p>\n<p>Il a formul\u00e9 le v\u0153u que la direction provinciale des imp\u00f4ts du Kourw\u00e9ogo continue d\u2019\u00eatre un mod\u00e8le de performance, de rigueur et de promotion du civisme fiscal.<\/p>\n<p>&nbsp;<\/p>\n<p>Le secr\u00e9taire g\u00e9n\u00e9ral de la province du Kourweogo, Harouna Kombass\u00e9r\u00e9, a f\u00e9licit\u00e9 le directeur sorti pour les r\u00e9sultats obtenus et lui a souhait\u00e9 une bonne suite carri\u00e8re.<\/p>\n<p>&nbsp;<\/p>\n<p>L\u2019autorit\u00e9 provinciale, a rassur\u00e9 le nouvel arrivant du soutien de l\u2019administration dans l\u2019accomplissement de sa mission.<\/p>\n<p>&nbsp;<\/p>\n<p><strong>Agence d\u2019information du Burkina<\/strong><\/p>\n<p><strong>DB\/HB\/OO<\/strong><\/p>\n","protected":false},"excerpt":{"rendered":"<p>BURKINA-KOURWEOGO-IMPOTS-PASSATION-CHARGES Kourw\u00e9ogo : Le nouveau directeur provincial des imp\u00f4ts appelle \u00e0 une mobilisation accrue des recettes fiscales &nbsp; Bouss\u00e9, le 13 mars 2026 (AIB)- Le secr\u00e9taire g\u00e9n\u00e9ral de la province du Kourweogo, Harouna Kombass\u00e9r\u00e9, a install\u00e9, le jeudi 12 mars 2026 \u00e0 Bouss\u00e9, l\u2019inspecteur des imp\u00f4ts, Nomwend\u00e9 Julien Ou\u00e9draogo, dans ses fonctions de directeur provincial [&hellip;]<\/p>\n","protected":false},"author":16,"featured_media":0,"comment_status":"open","ping_status":"open","sticky":false,"template":"","format":"standard","meta":{"advanced_seo_description":"","jetpack_seo_html_title":"","jetpack_seo_noindex":false,"jetpack_post_was_ever_published":false,"footnotes":""},"categories":[173,80,37,93,783,203,52,38,40],"tags":[],"class_list":{"0":"post-143159","1":"post","2":"type-post","3":"status-publish","4":"format-standard","6":"category-depeches","7":"category-dossiers","8":"category-economie","9":"category-flashinfos","10":"category-kourweogo","11":"category-la-une-aib","12":"category-plateau-central","13":"category-politique","14":"category-regions"},"jetpack_featured_media_url":"","jetpack_shortlink":"https:\/\/wp.me\/pavbHe-Bf1","_links":{"self":[{"href":"https:\/\/www.aib.media\/index.php?rest_route=\/wp\/v2\/posts\/143159","targetHints":{"allow":["GET"]}}],"collection":[{"href":"https:\/\/www.aib.media\/index.php?rest_route=\/wp\/v2\/posts"}],"about":[{"href":"https:\/\/www.aib.media\/index.php?rest_route=\/wp\/v2\/types\/post"}],"author":[{"embeddable":true,"href":"https:\/\/www.aib.media\/index.php?rest_route=\/wp\/v2\/users\/16"}],"replies":[{"embeddable":true,"href":"https:\/\/www.aib.media\/index.php?rest_route=%2Fwp%2Fv2%2Fcomments&post=143159"}],"version-history":[{"count":1,"href":"https:\/\/www.aib.media\/index.php?rest_route=\/wp\/v2\/posts\/143159\/revisions"}],"predecessor-version":[{"id":143161,"href":"https:\/\/www.aib.media\/index.php?rest_route=\/wp\/v2\/posts\/143159\/revisions\/143161"}],"wp:attachment":[{"href":"https:\/\/www.aib.media\/index.php?rest_route=%2Fwp%2Fv2%2Fmedia&parent=143159"}],"wp:term":[{"taxonomy":"category","embeddable":true,"href":"https:\/\/www.aib.media\/index.php?rest_route=%2Fwp%2Fv2%2Fcategories&post=143159"},{"taxonomy":"post_tag","embeddable":true,"href":"https:\/\/www.aib.media\/index.php?rest_route=%2Fwp%2Fv2%2Ftags&post=143159"}],"curies":[{"name":"wp","href":"https:\/\/api.w.org\/{rel}","templated":true}]}}