{"id":143157,"date":"2026-03-13T17:53:10","date_gmt":"2026-03-13T17:53:10","guid":{"rendered":"https:\/\/www.aib.media\/?p=143157"},"modified":"2026-03-13T17:53:10","modified_gmt":"2026-03-13T17:53:10","slug":"justice-traditionnelle-le-gouvernement-sollicite-laccompagnement-du-mogho-naaba-baongo-pour-loperationnalisation-de-faso-bukaore","status":"publish","type":"post","link":"https:\/\/www.aib.media\/?p=143157","title":{"rendered":"Justice traditionnelle : le gouvernement sollicite l\u2019accompagnement du Mogho Naaba Baongo pour l\u2019op\u00e9rationnalisation de \u201cFaso Bukaore\u201d"},"content":{"rendered":"<p><strong>Justice traditionnelle : le gouvernement sollicite l\u2019accompagnement du Mogho Naaba Baongo pour l\u2019op\u00e9rationnalisation de \u201cFaso Bukaore\u201d<\/strong><\/p>\n<p><strong>Ouagadougou, 13 mars 2026 (AIB)-Une d\u00e9l\u00e9gation gouvernementale conduite par le ministre en charge de la Justice, Edasso Rodrigue Bayala, s\u2019est rendue vendredi au palais du Mogho Naaba Baongo \u00e0 Ouagadougou afin de solliciter l\u2019accompagnement de la chefferie traditionnelle dans la mise en \u0153uvre des instances traditionnelles de r\u00e8glement des conflits, appel\u00e9es \u00abFaso Bukaore\u00bb<\/strong><\/p>\n<p><iframe loading=\"lazy\" title=\"Justice traditionnelle : le gouvernement sollicite l\u2019accompagnement du Mogho Naaba Baongo\" width=\"696\" height=\"392\" src=\"https:\/\/www.youtube.com\/embed\/hrGH5afnAmA?feature=oembed\" frameborder=\"0\" allow=\"accelerometer; autoplay; clipboard-write; encrypted-media; gyroscope; picture-in-picture; web-share\" referrerpolicy=\"strict-origin-when-cross-origin\" allowfullscreen><\/iframe><\/p>\n","protected":false},"excerpt":{"rendered":"<p>Justice traditionnelle : le gouvernement sollicite l\u2019accompagnement du Mogho Naaba Baongo pour l\u2019op\u00e9rationnalisation de \u201cFaso Bukaore\u201d Ouagadougou, 13 mars 2026 (AIB)-Une d\u00e9l\u00e9gation gouvernementale conduite par le ministre en charge de la Justice, Edasso Rodrigue Bayala, s\u2019est rendue vendredi au palais du Mogho Naaba Baongo \u00e0 Ouagadougou afin de solliciter l\u2019accompagnement de la chefferie traditionnelle dans [&hellip;]<\/p>\n","protected":false},"author":15,"featured_media":0,"comment_status":"open","ping_status":"open","sticky":false,"template":"","format":"video","meta":{"advanced_seo_description":"","jetpack_seo_html_title":"","jetpack_seo_noindex":false,"jetpack_post_was_ever_published":false,"footnotes":""},"categories":[85],"tags":[],"class_list":{"0":"post-143157","1":"post","2":"type-post","3":"status-publish","4":"format-video","6":"category-video","7":"post_format-post-format-video"},"jetpack_featured_media_url":"","jetpack_shortlink":"https:\/\/wp.me\/pavbHe-BeZ","_links":{"self":[{"href":"https:\/\/www.aib.media\/index.php?rest_route=\/wp\/v2\/posts\/143157","targetHints":{"allow":["GET"]}}],"collection":[{"href":"https:\/\/www.aib.media\/index.php?rest_route=\/wp\/v2\/posts"}],"about":[{"href":"https:\/\/www.aib.media\/index.php?rest_route=\/wp\/v2\/types\/post"}],"author":[{"embeddable":true,"href":"https:\/\/www.aib.media\/index.php?rest_route=\/wp\/v2\/users\/15"}],"replies":[{"embeddable":true,"href":"https:\/\/www.aib.media\/index.php?rest_route=%2Fwp%2Fv2%2Fcomments&post=143157"}],"version-history":[{"count":1,"href":"https:\/\/www.aib.media\/index.php?rest_route=\/wp\/v2\/posts\/143157\/revisions"}],"predecessor-version":[{"id":143158,"href":"https:\/\/www.aib.media\/index.php?rest_route=\/wp\/v2\/posts\/143157\/revisions\/143158"}],"wp:attachment":[{"href":"https:\/\/www.aib.media\/index.php?rest_route=%2Fwp%2Fv2%2Fmedia&parent=143157"}],"wp:term":[{"taxonomy":"category","embeddable":true,"href":"https:\/\/www.aib.media\/index.php?rest_route=%2Fwp%2Fv2%2Fcategories&post=143157"},{"taxonomy":"post_tag","embeddable":true,"href":"https:\/\/www.aib.media\/index.php?rest_route=%2Fwp%2Fv2%2Ftags&post=143157"}],"curies":[{"name":"wp","href":"https:\/\/api.w.org\/{rel}","templated":true}]}}