{"id":143151,"date":"2026-03-13T17:39:29","date_gmt":"2026-03-13T17:39:29","guid":{"rendered":"https:\/\/www.aib.media\/?p=143151"},"modified":"2026-03-13T17:39:29","modified_gmt":"2026-03-13T17:39:29","slug":"bittou-le-projet-pdecel2-explique-aux-populations-pour-accelerer-lacces-a-lelectricite","status":"publish","type":"post","link":"https:\/\/www.aib.media\/?p=143151","title":{"rendered":"Bittou : Le projet PDECEL2 expliqu\u00e9 aux populations pour acc\u00e9l\u00e9rer l\u2019acc\u00e8s \u00e0 l\u2019\u00e9lectricit\u00e9"},"content":{"rendered":"<p>Burkina\/Bittou-Projet-Electrification<\/p>\n<p><strong>Bittou : Le projet PDECEL2 expliqu\u00e9 aux populations pour acc\u00e9l\u00e9rer l\u2019acc\u00e8s \u00e0 l\u2019\u00e9lectricit\u00e9<\/strong><\/p>\n<p><strong>Bittou, 13 mars 2026 (AIB) \u2013 Dans le cadre de la mise en \u0153uvre du projet d\u2019\u00e9lectrification et de d\u00e9veloppement des connexions \u00e0 l\u2019\u00e9lectricit\u00e9 (PEDECEL 2), l\u2019entreprise Projet production international Burkina Faso SA (PPI BF SA) a organis\u00e9, vendredi \u00e0 Bittou, une rencontre d\u2019\u00e9change et de sensibilisation \u00e0 l\u2019endroit des populations des cinq secteurs de la commune.<\/strong><\/p>\n<p>La c\u00e9r\u00e9monie s\u2019est d\u00e9roul\u00e9e dans la salle polyvalente de Bittou sous la pr\u00e9sidence du premier vice-pr\u00e9sident de la d\u00e9l\u00e9gation sp\u00e9ciale de la commune, Isidore Sar\u00e9. Elle a connu la participation des membres de la d\u00e9l\u00e9gation sp\u00e9ciale, des Forces vives de la commune, des repr\u00e9sentants du projet PEDECEL 2, de l\u2019entreprise PPI BF SA ainsi que des forces de d\u00e9fense et de s\u00e9curit\u00e9.<br \/>\n\u00c0 l\u2019ouverture de la rencontre, M. Sar\u00e9, a exprim\u00e9 sa gratitude aux plus hautes autorit\u00e9s ainsi qu\u2019aux partenaires techniques et financiers pour leurs efforts constants en faveur du d\u00e9veloppement des collectivit\u00e9s territoriales, notamment \u00e0 travers l\u2019am\u00e9lioration de l\u2019acc\u00e8s \u00e0 l\u2019\u00e9nergie \u00e9lectrique.<\/p>\n<p>Selon lui, l\u2019\u00e9lectricit\u00e9 constitue aujourd\u2019hui un levier essentiel pour le d\u00e9veloppement \u00e9conomique et social des communaut\u00e9s.<\/p>\n<p>\u00ab L\u2019\u00e9lectricit\u00e9 favorise la cr\u00e9ation d\u2019activit\u00e9s g\u00e9n\u00e9ratrices de revenus, am\u00e9liore les conditions d\u2019apprentissage dans nos \u00e9coles, renforce les prestations dans nos formations sanitaires et contribue \u00e0 l\u2019am\u00e9lioration des conditions de vie des populations \u00bb, a-t-il expliqu\u00e9.<br \/>\nIl a \u00e9galement soulign\u00e9 l\u2019importance des activit\u00e9s de sensibilisation et d\u2019information organis\u00e9es dans le cadre du projet. Pour lui, ces rencontres permettent d\u2019informer les populations sur les objectifs du projet, le d\u00e9roulement des travaux, les mesures de s\u00e9curit\u00e9 \u00e0 respecter pendant les travaux et les dispositions n\u00e9cessaires \u00e0 la r\u00e9alisation des infrastructures \u00e9lectriques.<br \/>\nM. Sar\u00e9 a, par ailleurs, invit\u00e9 les forces vives de la commune \u00e0 accompagner l\u2019entreprise charg\u00e9e des travaux afin de garantir la bonne ex\u00e9cution du projet.<br \/>\nPrenant la parole, la consultante ind\u00e9pendante du projet PEDECEL 2 pour PPI BF SA, Linda Some, a salu\u00e9 l\u2019accueil et la disponibilit\u00e9 des autorit\u00e9s locales ainsi que de la population.<\/p>\n<p>Dans sa communication, elle a pr\u00e9sent\u00e9 les objectifs et les attendues du projet au profit des populations b\u00e9n\u00e9ficiaires. Elle a \u00e9galement insist\u00e9 sur la n\u00e9cessit\u00e9 pour les habitants des quartiers concern\u00e9s de faire preuve de prudence pendant l\u2019ex\u00e9cution des travaux d\u2019\u00e9lectrification.<br \/>\nLe projet PEDECEL 2 couvre six communes des r\u00e9gions du Centre-Est et du Centre-Sud et intervient principalement dans les quartiers dits non lotis afin d\u2019am\u00e9liorer l\u2019acc\u00e8s \u00e0 l\u2019\u00e9lectricit\u00e9.<\/p>\n<p>\u00c0 l\u2019issue de la rencontre, les participants ont r\u00e9affirm\u00e9 leur engagement \u00e0 accompagner la mise en \u0153uvre du projet, qu\u2019ils consid\u00e8rent comme un facteur important pour le d\u00e9veloppement et l\u2019\u00e9mergence de la commune de Bittou.<br \/>\nLes populations ont \u00e9galement exprim\u00e9 leur satisfaction pour les \u00e9claircissements apport\u00e9s par les responsables du projet et de l\u2019entreprise sur les diff\u00e9rentes pr\u00e9occupations soulev\u00e9es lors des \u00e9changes.<\/p>\n<p style=\"text-align: right\"><strong>Agence d&rsquo;information du Burkina <\/strong><br \/>\n<strong>Sk-dnk<\/strong><\/p>\n","protected":false},"excerpt":{"rendered":"<p>Burkina\/Bittou-Projet-Electrification Bittou : Le projet PDECEL2 expliqu\u00e9 aux populations pour acc\u00e9l\u00e9rer l\u2019acc\u00e8s \u00e0 l\u2019\u00e9lectricit\u00e9 Bittou, 13 mars 2026 (AIB) \u2013 Dans le cadre de la mise en \u0153uvre du projet d\u2019\u00e9lectrification et de d\u00e9veloppement des connexions \u00e0 l\u2019\u00e9lectricit\u00e9 (PEDECEL 2), l\u2019entreprise Projet production international Burkina Faso SA (PPI BF SA) a organis\u00e9, vendredi \u00e0 Bittou, [&hellip;]<\/p>\n","protected":false},"author":15,"featured_media":143155,"comment_status":"open","ping_status":"open","sticky":false,"template":"","format":"standard","meta":{"advanced_seo_description":"","jetpack_seo_html_title":"","jetpack_seo_noindex":false,"jetpack_post_was_ever_published":false,"footnotes":""},"categories":[103,173,93,203],"tags":[],"class_list":{"0":"post-143151","1":"post","2":"type-post","3":"status-publish","4":"format-standard","5":"has-post-thumbnail","7":"category-boulgou","8":"category-depeches","9":"category-flashinfos","10":"category-la-une-aib"},"jetpack_featured_media_url":"https:\/\/i0.wp.com\/www.aib.media\/wp-content\/uploads\/2026\/03\/IMG-20260313-WA0121.jpg?fit=1020%2C768&ssl=1","jetpack_shortlink":"https:\/\/wp.me\/pavbHe-BeT","_links":{"self":[{"href":"https:\/\/www.aib.media\/index.php?rest_route=\/wp\/v2\/posts\/143151","targetHints":{"allow":["GET"]}}],"collection":[{"href":"https:\/\/www.aib.media\/index.php?rest_route=\/wp\/v2\/posts"}],"about":[{"href":"https:\/\/www.aib.media\/index.php?rest_route=\/wp\/v2\/types\/post"}],"author":[{"embeddable":true,"href":"https:\/\/www.aib.media\/index.php?rest_route=\/wp\/v2\/users\/15"}],"replies":[{"embeddable":true,"href":"https:\/\/www.aib.media\/index.php?rest_route=%2Fwp%2Fv2%2Fcomments&post=143151"}],"version-history":[{"count":1,"href":"https:\/\/www.aib.media\/index.php?rest_route=\/wp\/v2\/posts\/143151\/revisions"}],"predecessor-version":[{"id":143156,"href":"https:\/\/www.aib.media\/index.php?rest_route=\/wp\/v2\/posts\/143151\/revisions\/143156"}],"wp:featuredmedia":[{"embeddable":true,"href":"https:\/\/www.aib.media\/index.php?rest_route=\/wp\/v2\/media\/143155"}],"wp:attachment":[{"href":"https:\/\/www.aib.media\/index.php?rest_route=%2Fwp%2Fv2%2Fmedia&parent=143151"}],"wp:term":[{"taxonomy":"category","embeddable":true,"href":"https:\/\/www.aib.media\/index.php?rest_route=%2Fwp%2Fv2%2Fcategories&post=143151"},{"taxonomy":"post_tag","embeddable":true,"href":"https:\/\/www.aib.media\/index.php?rest_route=%2Fwp%2Fv2%2Ftags&post=143151"}],"curies":[{"name":"wp","href":"https:\/\/api.w.org\/{rel}","templated":true}]}}