{"id":143143,"date":"2026-03-13T17:16:32","date_gmt":"2026-03-13T17:16:32","guid":{"rendered":"https:\/\/www.aib.media\/?p=143143"},"modified":"2026-03-13T17:16:32","modified_gmt":"2026-03-13T17:16:32","slug":"poni-le-directeur-provincial-de-leducation-supervise-les-evaluations-du-deuxieme-trimestre-a-bouroum-bouroum","status":"publish","type":"post","link":"https:\/\/www.aib.media\/?p=143143","title":{"rendered":"Poni : Le directeur provincial de l\u2019Education supervise les \u00e9valuations du deuxi\u00e8me trimestre \u00e0 Bouroum-Bouroum"},"content":{"rendered":"<p>BURKINA\u2013PONI\u2013\u00c9DUCATION\u2013\u00c9VALUATIONS<\/p>\n<p><strong>Poni : Le directeur provincial de l\u2019Education supervise les \u00e9valuations du deuxi\u00e8me trimestre \u00e0 Bouroum-Bouroum<\/strong><\/p>\n<p><strong>Bouroum-Bouroum, 11 mars 2026 (AIB) \u2013 Les \u00e9valuations du deuxi\u00e8me trimestre ont d\u00e9but\u00e9 ce mercredi 11 mars 2026 dans l\u2019ensemble des \u00e9coles primaires publiques de la Circonscription d\u2019\u00e9ducation de base (CEB) de Bouroum-Bouroum, dans la province du Poni.<\/strong><\/p>\n<p>\u00c0 cette occasion, le directeur provincial de l\u2019\u00c9ducation pr\u00e9scolaire, primaire et non formelle (DPEPPNF) du Poni, Si\u00e9 Kerwout\u00e9 Tioy\u00e9, a effectu\u00e9 une mission de supervision dans plusieurs \u00e9tablissements scolaires afin de s\u2019assurer du bon d\u00e9roulement des \u00e9preuves.<\/p>\n<p>Accompagn\u00e9 de ses collaborateurs, le responsable provincial de l\u2019Education s\u2019est notamment rendu dans les \u00e9coles primaires publiques de Bouroum-Bouroum A, B et C, ainsi qu\u2019\u00e0 l\u2019\u00e9cole primaire publique de Banlo, situ\u00e9e \u00e0 environ trois kilom\u00e8tres du chef-lieu de la circonscription.<\/p>\n<p>Cette visite de terrain visait \u00e0 constater l\u2019effectivit\u00e9 du lancement des compositions et \u00e0 encourager les diff\u00e9rents acteurs impliqu\u00e9s dans l\u2019organisation des \u00e9valuations.<\/p>\n<p>Sur les \u00e9coles visit\u00e9es, Si\u00e9 Kerwout\u00e9 Tioy\u00e9 a salu\u00e9 les efforts consentis par les enseignants et les encadreurs p\u00e9dagogiques pour assurer la bonne tenue des \u00e9preuves. Il a \u00e9galement invit\u00e9 les \u00e9l\u00e8ves \u00e0 faire preuve d\u2019assiduit\u00e9 et de concentration afin d\u2019obtenir de bons r\u00e9sultats.<\/p>\n<p>Le directeur provincial a par ailleurs r\u00e9affirm\u00e9 l\u2019engagement de la direction provinciale \u00e0 accompagner les acteurs du syst\u00e8me \u00e9ducatif dans leurs efforts pour l\u2019am\u00e9lioration de la qualit\u00e9 de l\u2019enseignement dans la province du Poni.<\/p>\n<p>Pour sa part, le Chef de la Circonscription d\u2019\u00e9ducation de base (CCEB) de Bouroum-Bouroum, Dr Lassan\u00e9 Tao, s\u2019est r\u00e9joui de cette visite de la direction provinciale qu\u2019il consid\u00e8re comme un v\u00e9ritable encouragement pour les \u00e9quipes p\u00e9dagogiques engag\u00e9es sur le terrain. Il a \u00e9galement souhait\u00e9 une excellente mission \u00e0 la d\u00e9l\u00e9gation.<\/p>\n<p>Cette mission de supervision s\u2019inscrit dans le cadre du suivi p\u00e9dagogique des activit\u00e9s scolaires et vise \u00e0 garantir la r\u00e9gularit\u00e9 et la cr\u00e9dibilit\u00e9 des \u00e9valuations dans les \u00e9tablissements de la circonscription.<\/p>\n<p style=\"text-align: right\"><strong>Agence d&rsquo;Information du Burkina <\/strong><br \/>\n<strong>SE\/ms\/bak<\/strong><\/p>\n","protected":false},"excerpt":{"rendered":"<p>BURKINA\u2013PONI\u2013\u00c9DUCATION\u2013\u00c9VALUATIONS Poni : Le directeur provincial de l\u2019Education supervise les \u00e9valuations du deuxi\u00e8me trimestre \u00e0 Bouroum-Bouroum Bouroum-Bouroum, 11 mars 2026 (AIB) \u2013 Les \u00e9valuations du deuxi\u00e8me trimestre ont d\u00e9but\u00e9 ce mercredi 11 mars 2026 dans l\u2019ensemble des \u00e9coles primaires publiques de la Circonscription d\u2019\u00e9ducation de base (CEB) de Bouroum-Bouroum, dans la province du Poni. \u00c0 [&hellip;]<\/p>\n","protected":false},"author":21,"featured_media":143144,"comment_status":"open","ping_status":"open","sticky":false,"template":"","format":"standard","meta":{"advanced_seo_description":"","jetpack_seo_html_title":"","jetpack_seo_noindex":false,"jetpack_post_was_ever_published":false,"footnotes":""},"categories":[173,93,203,138,36,54],"tags":[],"class_list":{"0":"post-143143","1":"post","2":"type-post","3":"status-publish","4":"format-standard","5":"has-post-thumbnail","7":"category-depeches","8":"category-flashinfos","9":"category-la-une-aib","10":"category-poni","11":"category-societe","12":"category-sud-ouest"},"jetpack_featured_media_url":"https:\/\/i0.wp.com\/www.aib.media\/wp-content\/uploads\/2026\/03\/23-2.jpeg?fit=963%2C1280&ssl=1","jetpack_shortlink":"https:\/\/wp.me\/pavbHe-BeL","_links":{"self":[{"href":"https:\/\/www.aib.media\/index.php?rest_route=\/wp\/v2\/posts\/143143","targetHints":{"allow":["GET"]}}],"collection":[{"href":"https:\/\/www.aib.media\/index.php?rest_route=\/wp\/v2\/posts"}],"about":[{"href":"https:\/\/www.aib.media\/index.php?rest_route=\/wp\/v2\/types\/post"}],"author":[{"embeddable":true,"href":"https:\/\/www.aib.media\/index.php?rest_route=\/wp\/v2\/users\/21"}],"replies":[{"embeddable":true,"href":"https:\/\/www.aib.media\/index.php?rest_route=%2Fwp%2Fv2%2Fcomments&post=143143"}],"version-history":[{"count":1,"href":"https:\/\/www.aib.media\/index.php?rest_route=\/wp\/v2\/posts\/143143\/revisions"}],"predecessor-version":[{"id":143145,"href":"https:\/\/www.aib.media\/index.php?rest_route=\/wp\/v2\/posts\/143143\/revisions\/143145"}],"wp:featuredmedia":[{"embeddable":true,"href":"https:\/\/www.aib.media\/index.php?rest_route=\/wp\/v2\/media\/143144"}],"wp:attachment":[{"href":"https:\/\/www.aib.media\/index.php?rest_route=%2Fwp%2Fv2%2Fmedia&parent=143143"}],"wp:term":[{"taxonomy":"category","embeddable":true,"href":"https:\/\/www.aib.media\/index.php?rest_route=%2Fwp%2Fv2%2Fcategories&post=143143"},{"taxonomy":"post_tag","embeddable":true,"href":"https:\/\/www.aib.media\/index.php?rest_route=%2Fwp%2Fv2%2Ftags&post=143143"}],"curies":[{"name":"wp","href":"https:\/\/api.w.org\/{rel}","templated":true}]}}