{"id":143140,"date":"2026-03-13T17:10:33","date_gmt":"2026-03-13T17:10:33","guid":{"rendered":"https:\/\/www.aib.media\/?p=143140"},"modified":"2026-03-13T17:10:33","modified_gmt":"2026-03-13T17:10:33","slug":"poni-la-commune-de-gaoua-tient-sa-deuxieme-edition-de-la-journee-des-communautes","status":"publish","type":"post","link":"https:\/\/www.aib.media\/?p=143140","title":{"rendered":"Poni: La commune de Gaoua tient sa deuxi\u00e8me \u00e9dition de la Journ\u00e9e des communaut\u00e9s"},"content":{"rendered":"<p><strong>Poni: La commune de Gaoua tient sa deuxi\u00e8me \u00e9dition de la Journ\u00e9e des communaut\u00e9s<\/strong><\/p>\n<p><strong>Gaoua, 12 mars 2026 (AIB) \u2013 La commune de Gaoua, en collaboration avec l\u2019Observatoire national de pr\u00e9vention et de gestion des conflits communautaires, a organis\u00e9 ce jeudi au mus\u00e9e de Gaoua la Journ\u00e9e des communaut\u00e9s, une initiative visant \u00e0 renforcer durablement la coh\u00e9sion sociale et le vivre-ensemble entre les diff\u00e9rentes communaut\u00e9s.<\/strong><\/p>\n<p>Plac\u00e9e sous le th\u00e8me \u00ab Valorisation de la diversit\u00e9 culturelle : un levier pour consolider la paix et le vivre-ensemble \u00bb, cette activit\u00e9 a pour objectif de favoriser le rapprochement entre les populations, de valoriser les savoir-faire locaux et d\u2019encourager l\u2019engagement citoyen dans la pr\u00e9vention des conflits.<\/p>\n<p>Le pr\u00e9sident de la d\u00e9l\u00e9gation sp\u00e9ciale (PDS) de la commune de Gaoua, Siaka Ouattara, s\u2019est r\u00e9joui de la tenue de cette Journ\u00e9e des communaut\u00e9s, organis\u00e9e par l\u2019Observatoire d\u00e9partemental de pr\u00e9vention et de gestion des conflits communautaires, un d\u00e9membrement de l\u2019Observatoire national.<\/p>\n<p>Selon lui, l\u2019activit\u00e9 permet de renforcer le brassage, l\u2019interconnaissance et les liens entre les diff\u00e9rentes communaut\u00e9s. \u00abElle constitue un cadre de valorisation des cultures \u00e0 travers la pr\u00e9sentation de valeurs traditionnelles et de mets locaux et favorise ainsi la coh\u00e9sion sociale et la pr\u00e9vention des conflits.\u00bb A-t-il pr\u00e9cis\u00e9.<\/p>\n<p>M. Ouattara a rappel\u00e9 que la premi\u00e8re \u00e9dition organis\u00e9e l\u2019ann\u00e9e pr\u00e9c\u00e9dente a d\u00e9j\u00e0 contribu\u00e9 \u00e0 am\u00e9liorer les relations entre les communaut\u00e9s et \u00e0 faciliter la gestion de certaines situations de tensions au cours de l\u2019ann\u00e9e 2025.<\/p>\n<p>Pour la repr\u00e9sentante du Secr\u00e9tariat permanent de l\u2019Observatoire national de pr\u00e9vention et de gestion des conflits communautaires, Sidala Ou\u00e9draogo, l\u2019organisation de cette journ\u00e9e \u00e0 Gaoua constitue une initiative importante pour consolider la coh\u00e9sion sociale.<\/p>\n<p>Elle a soulign\u00e9 que cette rencontre offre l\u2019occasion de r\u00e9unir diff\u00e9rentes communaut\u00e9s, illustrant concr\u00e8tement le vivre-ensemble souvent \u00e9voqu\u00e9 dans les lieux de culte et dans la soci\u00e9t\u00e9.<\/p>\n<p>\u00ab Cette activit\u00e9 permet aux communaut\u00e9s de mieux se conna\u00eetre et montre qu\u2019aucune d\u2019entre elles n\u2019est marginalis\u00e9e \u00bb, a-t-elle indiqu\u00e9.<\/p>\n<p>Mme Ou\u00e9draogo a \u00e9galement encourag\u00e9 la p\u00e9rennisation de l\u2019initiative afin de renforcer la tol\u00e9rance et le dialogue entre les populations. Elle a insist\u00e9 sur la n\u00e9cessit\u00e9 d\u2019accepter les diff\u00e9rences culturelles et linguistiques et de privil\u00e9gier la gestion pacifique des tensions pour pr\u00e9server la paix et la coh\u00e9sion sociale au Burkina Faso.<\/p>\n<p>Le repr\u00e9sentant des communaut\u00e9s, Emmanuel Yoda, a pour sa part salu\u00e9 l\u2019organisation de cette deuxi\u00e8me \u00e9dition, qu\u2019il consid\u00e8re comme une excellente initiative de la mairie et de ses partenaires.<\/p>\n<p>Selon lui, cette rencontre permet aux diff\u00e9rentes communaut\u00e9s de se retrouver, de mieux se conna\u00eetre et de d\u00e9couvrir leurs diversit\u00e9s culturelles \u00e0 travers l\u2019alimentation, l\u2019habillement et les comportements.<\/p>\n<p>M. Yoda a plaid\u00e9 pour l\u2019institutionnalisation de la Journ\u00e9e des communaut\u00e9s en fixant une date annuelle, afin de permettre aux diff\u00e9rentes communaut\u00e9s de mieux se pr\u00e9parer et de valoriser leurs cultures \u00e0 travers les danses, les musiques et les traditions.<\/p>\n<p style=\"text-align: right\"><strong>Agence d&rsquo;Information du Burkina <\/strong><br \/>\n<strong>MS\/bak<\/strong><\/p>\n","protected":false},"excerpt":{"rendered":"<p>Poni: La commune de Gaoua tient sa deuxi\u00e8me \u00e9dition de la Journ\u00e9e des communaut\u00e9s Gaoua, 12 mars 2026 (AIB) \u2013 La commune de Gaoua, en collaboration avec l\u2019Observatoire national de pr\u00e9vention et de gestion des conflits communautaires, a organis\u00e9 ce jeudi au mus\u00e9e de Gaoua la Journ\u00e9e des communaut\u00e9s, une initiative visant \u00e0 renforcer durablement [&hellip;]<\/p>\n","protected":false},"author":21,"featured_media":143141,"comment_status":"open","ping_status":"open","sticky":false,"template":"","format":"standard","meta":{"advanced_seo_description":"","jetpack_seo_html_title":"","jetpack_seo_noindex":false,"jetpack_post_was_ever_published":false,"footnotes":""},"categories":[60,173,93,136,203,36,54],"tags":[],"class_list":{"0":"post-143140","1":"post","2":"type-post","3":"status-publish","4":"format-standard","5":"has-post-thumbnail","7":"category-culture","8":"category-depeches","9":"category-flashinfos","10":"category-ioba","11":"category-la-une-aib","12":"category-societe","13":"category-sud-ouest"},"jetpack_featured_media_url":"https:\/\/i0.wp.com\/www.aib.media\/wp-content\/uploads\/2026\/03\/20-2.jpeg?fit=1040%2C468&ssl=1","jetpack_shortlink":"https:\/\/wp.me\/pavbHe-BeI","_links":{"self":[{"href":"https:\/\/www.aib.media\/index.php?rest_route=\/wp\/v2\/posts\/143140","targetHints":{"allow":["GET"]}}],"collection":[{"href":"https:\/\/www.aib.media\/index.php?rest_route=\/wp\/v2\/posts"}],"about":[{"href":"https:\/\/www.aib.media\/index.php?rest_route=\/wp\/v2\/types\/post"}],"author":[{"embeddable":true,"href":"https:\/\/www.aib.media\/index.php?rest_route=\/wp\/v2\/users\/21"}],"replies":[{"embeddable":true,"href":"https:\/\/www.aib.media\/index.php?rest_route=%2Fwp%2Fv2%2Fcomments&post=143140"}],"version-history":[{"count":1,"href":"https:\/\/www.aib.media\/index.php?rest_route=\/wp\/v2\/posts\/143140\/revisions"}],"predecessor-version":[{"id":143142,"href":"https:\/\/www.aib.media\/index.php?rest_route=\/wp\/v2\/posts\/143140\/revisions\/143142"}],"wp:featuredmedia":[{"embeddable":true,"href":"https:\/\/www.aib.media\/index.php?rest_route=\/wp\/v2\/media\/143141"}],"wp:attachment":[{"href":"https:\/\/www.aib.media\/index.php?rest_route=%2Fwp%2Fv2%2Fmedia&parent=143140"}],"wp:term":[{"taxonomy":"category","embeddable":true,"href":"https:\/\/www.aib.media\/index.php?rest_route=%2Fwp%2Fv2%2Fcategories&post=143140"},{"taxonomy":"post_tag","embeddable":true,"href":"https:\/\/www.aib.media\/index.php?rest_route=%2Fwp%2Fv2%2Ftags&post=143140"}],"curies":[{"name":"wp","href":"https:\/\/api.w.org\/{rel}","templated":true}]}}