{"id":143137,"date":"2026-03-13T17:02:37","date_gmt":"2026-03-13T17:02:37","guid":{"rendered":"https:\/\/www.aib.media\/?p=143137"},"modified":"2026-03-13T17:02:37","modified_gmt":"2026-03-13T17:02:37","slug":"burkina-90-eleves-officiers-a-titre-exceptionnel-et-officiers-issus-du-rang-recoivent-leurs-epaulettes-de-sous-lieutenant","status":"publish","type":"post","link":"https:\/\/www.aib.media\/?p=143137","title":{"rendered":"Burkina: 90 \u00e9l\u00e8ves officiers \u00e0 titre exceptionnel et officiers issus du rang re\u00e7oivent leurs \u00e9paulettes de sous-lieutenant"},"content":{"rendered":"<p><strong>Burkina: 90 \u00e9l\u00e8ves officiers \u00e0 titre exceptionnel et officiers issus du rang re\u00e7oivent leurs \u00e9paulettes de sous-lieutenant<\/strong><\/p>\n<p><strong>Ouagadougou, 13 mars 2026 (AIB) \u2013 90 \u00e9l\u00e8ves officiers nomm\u00e9s \u00e0 titre exceptionnel et officiers issus du rang, promus au grade de sous-lieutenant apr\u00e8s plusieurs semaines de formation \u00e0 l\u2019Acad\u00e9mie militaire Georges Namoano de P\u00f4, ont re\u00e7u leurs \u00e9paulettes, ce vendredi au camp G\u00e9n\u00e9ral Sangoul\u00e9 Lamizana \u00e0 Ouagadougou, au cours d\u2019une c\u00e9r\u00e9monie officielle.<\/strong><\/p>\n<p>Le port des \u00e9paulettes de sous-lieutenant par ces officiers \u00e0 titre exceptionnel et officiers issus du rang de la 2e promotion sp\u00e9ciale des Forces arm\u00e9es nationales de l\u2019Acad\u00e9mie militaire Georges Namoano marque l\u2019aboutissement de plusieurs semaines de formation intensive.<\/p>\n<p>Le ministre d&rsquo;\u00c9tat, ministre de la Guerre et de la D\u00e9fense patriotique, le G\u00e9n\u00e9ral de division C\u00e9lestin Simpor\u00e9, a indiqu\u00e9 que ces officiers nomm\u00e9s \u00e0 titre exceptionnel et ces officiers issus du rang \u00e9lev\u00e9s au grade de sous-lieutenant sont des combattants qui ont fait leurs preuves sur le terrain.<\/p>\n<p>Selon lui, il s\u2019agit de militaires qui se sont illustr\u00e9s par des actes d\u2019\u00e9clat ou par des services exceptionnels rendus aux Forces arm\u00e9es nationales.<\/p>\n<p>Le G\u00e9n\u00e9ral de division C\u00e9lestin Simpor\u00e9 a expliqu\u00e9 que cette \u00e9l\u00e9vation n\u2019est pas seulement une r\u00e9compense mais une reconnaissance des efforts d\u00e9j\u00e0 consentis et un encouragement \u00e0 poursuivre leur engagement.<\/p>\n<p>Le ministre a par ailleurs exhort\u00e9 ces nouveaux officiers \u00e0 redoubler d\u2019efforts et \u00e0 poser davantage d\u2019actes sur le terrain afin que le pays puisse venir \u00e0 bout du terrorisme qui lui a \u00e9t\u00e9 impos\u00e9.<\/p>\n<p>Pour le Chef d\u2019\u00c9tat-major g\u00e9n\u00e9ral des arm\u00e9es, le G\u00e9n\u00e9ral de brigade Moussa Diallo, ces sous-officiers franchissent une \u00e9tape importante de leur carri\u00e8re en acc\u00e9dant au corps des officiers.<\/p>\n<p>\u00ab Ils ont m\u00e9rit\u00e9 la confiance de l\u2019institution militaire et de leurs chefs, ce qui leur a valu d\u2019\u00eatre choisis parmi leurs pairs comme officiers du rang ou \u00e0 titre exceptionnel pour \u00eatre \u00e9lev\u00e9s au grade de sous-lieutenant \u00bb, a-t-il affirm\u00e9.<\/p>\n<p>Le G\u00e9n\u00e9ral de brigade Moussa Diallo a pr\u00e9cis\u00e9 que, durant plusieurs semaines, ces \u00e9l\u00e8ves officiers du rang et ceux promus \u00e0 titre exceptionnel ont b\u00e9n\u00e9fici\u00e9 d\u2019enseignements sp\u00e9cifiques.<\/p>\n<p>Ils ont notamment \u00e9t\u00e9 form\u00e9s aux valeurs cardinales de l\u2019arm\u00e9e ainsi qu\u2019aux exigences et responsabilit\u00e9s li\u00e9es \u00e0 la fonction d\u2019officier.<\/p>\n<p>Selon Chef d\u2019\u00c9tat-major g\u00e9n\u00e9ral des arm\u00e9es, cette promotion au grade d\u2019officier du rang ou \u00e0 titre exceptionnel n\u2019est ni un hasard ni une faveur.<br \/>\n\u00ab Elle constitue la reconnaissance d\u2019un parcours marqu\u00e9 par le courage, l\u2019engagement, l\u2019abn\u00e9gation et la loyaut\u00e9 envers la Nation \u00bb, a-t-il d\u00e9clar\u00e9.<\/p>\n<p>Le Chef d\u2019\u00c9tat-major g\u00e9n\u00e9ral des arm\u00e9es a rappel\u00e9 que leur passage dans le corps des officiers repr\u00e9sente avant tout une nouvelle mission.<br \/>\n\u00ab Vous recevez ces galons parce que vous avez su montrer votre engagement \u00e0 servir la Nation dans les armes ou dans les services avec honneur et fid\u00e9lit\u00e9 \u00bb, a-t-il indiqu\u00e9.<\/p>\n<p>Il a exhort\u00e9 ces nouveaux sous-lieutenants \u00e0 demeurer des leaders capables de conduire leurs hommes avec courage et d\u00e9termination, tout en faisant preuve d\u2019ing\u00e9niosit\u00e9, d\u2019adaptation, de responsabilit\u00e9 et de justice.<\/p>\n<p>Le d\u00e9l\u00e9gu\u00e9 de la 2e promotion sp\u00e9ciale des officiers \u00e0 titre exceptionnel et officiers issus du rang, Amadou Ciss\u00e9, a expliqu\u00e9 que lui et ses camarades ont b\u00e9n\u00e9fici\u00e9 de formations th\u00e9oriques et pratiques.<\/p>\n<p>Sur le plan th\u00e9orique, ces officiers ont \u00e9t\u00e9 form\u00e9s \u00e0 la tactique militaire, \u00e0 la topographie, \u00e0 la psychologie du commandement, au management et au commandement d\u2019une unit\u00e9 op\u00e9rationnelle.<\/p>\n<p>Ils ont aussi re\u00e7u des enseignements en p\u00e9dagogie, en droit international humanitaire, en instruction au tir de combat, en renseignement, en secourisme de combat, en emploi tactique des armes lourdes ainsi qu\u2019en correspondance militaire.<\/p>\n<p>Sur le plan pratique, les \u00e9l\u00e8ves officiers ont \u00e9t\u00e9 form\u00e9s notamment \u00e0 l\u2019\u00e9cole du sabre, \u00e0 l\u2019ordre serr\u00e9 et au processus d\u00e9cisionnel \u00e0 travers des techniques de briefing dites de la \u00ab caisse \u00e0 sable \u00bb.<\/p>\n<p>\u00ab Avec tous ces rudiments, nous pouvons affirmer que nous sommes pr\u00eats \u00e0 servir notre pays avec honneur, loyaut\u00e9 et int\u00e9grit\u00e9 \u00bb, a assur\u00e9 Amadou Ciss\u00e9.<\/p>\n<p>S\u2019adressant \u00e0 ses camarades, il les a exhort\u00e9s \u00e0 demeurer des mod\u00e8les pour leurs subordonn\u00e9s et \u00e0 exercer un commandement exemplaire.<\/p>\n<p>&nbsp;<\/p>\n<p style=\"text-align: right\"><strong>Agence d\u2019information du Burkina<\/strong><br \/>\n<strong>BAK\/no<\/strong><\/p>\n","protected":false},"excerpt":{"rendered":"<p>Burkina: 90 \u00e9l\u00e8ves officiers \u00e0 titre exceptionnel et officiers issus du rang re\u00e7oivent leurs \u00e9paulettes de sous-lieutenant Ouagadougou, 13 mars 2026 (AIB) \u2013 90 \u00e9l\u00e8ves officiers nomm\u00e9s \u00e0 titre exceptionnel et officiers issus du rang, promus au grade de sous-lieutenant apr\u00e8s plusieurs semaines de formation \u00e0 l\u2019Acad\u00e9mie militaire Georges Namoano de P\u00f4, ont re\u00e7u leurs [&hellip;]<\/p>\n","protected":false},"author":15,"featured_media":143138,"comment_status":"open","ping_status":"open","sticky":false,"template":"","format":"standard","meta":{"advanced_seo_description":"","jetpack_seo_html_title":"","jetpack_seo_noindex":false,"jetpack_post_was_ever_published":false,"footnotes":""},"categories":[173,93,102,203],"tags":[],"class_list":{"0":"post-143137","1":"post","2":"type-post","3":"status-publish","4":"format-standard","5":"has-post-thumbnail","7":"category-depeches","8":"category-flashinfos","9":"category-kadiogo","10":"category-la-une-aib"},"jetpack_featured_media_url":"https:\/\/i0.wp.com\/www.aib.media\/wp-content\/uploads\/2026\/03\/IMG-20260313-WA0097.jpg?fit=1280%2C716&ssl=1","jetpack_shortlink":"https:\/\/wp.me\/pavbHe-BeF","_links":{"self":[{"href":"https:\/\/www.aib.media\/index.php?rest_route=\/wp\/v2\/posts\/143137","targetHints":{"allow":["GET"]}}],"collection":[{"href":"https:\/\/www.aib.media\/index.php?rest_route=\/wp\/v2\/posts"}],"about":[{"href":"https:\/\/www.aib.media\/index.php?rest_route=\/wp\/v2\/types\/post"}],"author":[{"embeddable":true,"href":"https:\/\/www.aib.media\/index.php?rest_route=\/wp\/v2\/users\/15"}],"replies":[{"embeddable":true,"href":"https:\/\/www.aib.media\/index.php?rest_route=%2Fwp%2Fv2%2Fcomments&post=143137"}],"version-history":[{"count":1,"href":"https:\/\/www.aib.media\/index.php?rest_route=\/wp\/v2\/posts\/143137\/revisions"}],"predecessor-version":[{"id":143139,"href":"https:\/\/www.aib.media\/index.php?rest_route=\/wp\/v2\/posts\/143137\/revisions\/143139"}],"wp:featuredmedia":[{"embeddable":true,"href":"https:\/\/www.aib.media\/index.php?rest_route=\/wp\/v2\/media\/143138"}],"wp:attachment":[{"href":"https:\/\/www.aib.media\/index.php?rest_route=%2Fwp%2Fv2%2Fmedia&parent=143137"}],"wp:term":[{"taxonomy":"category","embeddable":true,"href":"https:\/\/www.aib.media\/index.php?rest_route=%2Fwp%2Fv2%2Fcategories&post=143137"},{"taxonomy":"post_tag","embeddable":true,"href":"https:\/\/www.aib.media\/index.php?rest_route=%2Fwp%2Fv2%2Ftags&post=143137"}],"curies":[{"name":"wp","href":"https:\/\/api.w.org\/{rel}","templated":true}]}}