{"id":143120,"date":"2026-03-13T16:42:31","date_gmt":"2026-03-13T16:42:31","guid":{"rendered":"https:\/\/www.aib.media\/?p=143120"},"modified":"2026-03-13T16:42:31","modified_gmt":"2026-03-13T16:42:31","slug":"universite-norbert-zongo-du-materiel-remis-a-un-etudiant-malvoyant-pour-faciliter-ses-etudes","status":"publish","type":"post","link":"https:\/\/www.aib.media\/?p=143120","title":{"rendered":"Universit\u00e9 Norbert Zongo : du mat\u00e9riel remis \u00e0 un \u00e9tudiant malvoyant pour faciliter ses \u00e9tudes"},"content":{"rendered":"<p>BURKINA-BOULKIEMDE-UNIVERSITE-NORBERT-ZONGO-SOUTIEN-MALVOYANT<\/p>\n<p><strong>\u200eUniversit\u00e9 Norbert Zongo : du mat\u00e9riel remis \u00e0 un \u00e9tudiant malvoyant pour faciliter ses \u00e9tudes<\/strong><\/p>\n<p><strong>\u200eKoudougou, 13 mars 2026 (AIB) \u2013 La pr\u00e9sidence de l\u2019Universit\u00e9 Norbert Zongo a servi de cadre, ce vendredi matin, \u00e0 une c\u00e9r\u00e9monie de remise de mat\u00e9riel p\u00e9dagogique au profit de l\u2019\u00e9tudiant malvoyant Soutongnoma Luc Ramd\u00e9, inscrit en deuxi\u00e8me ann\u00e9e de linguistique, afin de faciliter son apprentissage et la poursuite de son cursus universitaire, a constat\u00e9 l&rsquo;AIB.<\/strong><\/p>\n<p>Le mat\u00e9riel remis est compos\u00e9 notamment d\u2019un ordinateur portable \u00e9quip\u00e9 de logiciels adapt\u00e9s, d\u2019un clavier braille, d&rsquo;une canne, d&rsquo;une tablette braille, du papier braille, ainsi que d\u2019autres accessoires destin\u00e9s \u00e0 faciliter la lecture et la prise de notes pour les personnes vivant avec un handicap visuel.<\/p>\n<p>\u200eLa remise de ce mat\u00e9riel intervient \u00e0 la suite d\u2019une rencontre tenue le 17 f\u00e9vrier dernier entre le ministre de l\u2019enseignement sup\u00e9rieur, de la recherche et de l\u2019innovation et la communaut\u00e9 universitaire. \u00c0 cette occasion, l\u2019\u00e9tudiant avait expos\u00e9 les difficult\u00e9s auxquelles il est confront\u00e9 dans le suivi des cours en raison de son handicap visuel.<\/p>\n<p>\u200eSelon la pr\u00e9sidente de l\u2019universit\u00e9, Pr Eug\u00e9nie Ma\u00efga, le ministre avait alors instruit les premiers responsables de l\u2019institution de prendre les dispositions n\u00e9cessaires afin de lui trouver du mat\u00e9riel adapt\u00e9.<br \/>\n\u200e\u00ab Luc Ramd\u00e9 a un handicap visuel qui entra\u00eene des difficult\u00e9s dans l\u2019apprentissage. Lors de la rencontre avec le ministre, il a expos\u00e9 ses pr\u00e9occupations et nous avons \u00e9t\u00e9 instruits de lui trouver du mat\u00e9riel pour faciliter ses \u00e9tudes ici \u00e0 l\u2019universit\u00e9 \u00bb, a expliqu\u00e9 Pr Ma\u00efga.<\/p>\n<p>\u200eElle a indiqu\u00e9 que le mat\u00e9riel remis permettra \u00e0 l\u2019\u00e9tudiant de mieux suivre les cours et de se pr\u00e9parer efficacement aux \u00e9valuations. Toutefois, elle a pr\u00e9cis\u00e9 que l\u2019universit\u00e9 poursuit ses d\u00e9marches pour acqu\u00e9rir d\u2019autres \u00e9quipements compl\u00e9mentaires, notamment un appareil enregistreur destin\u00e9 \u00e0 faciliter davantage la prise de notes.<\/p>\n<p>\u200eLa pr\u00e9sidente de l\u2019universit\u00e9 a \u00e9galement soulign\u00e9 que cette initiative s\u2019inscrit dans la dynamique de promotion de l\u2019inclusion au sein de l\u2019institution.<\/p>\n<p>\u200eDe son c\u00f4t\u00e9, le chef du d\u00e9partement, Roland Bicaba, a salu\u00e9 les efforts d\u00e9ploy\u00e9s pour permettre \u00e0 l\u2019\u00e9tudiant de suivre normalement les activit\u00e9s acad\u00e9miques malgr\u00e9 les contraintes li\u00e9es \u00e0 son handicap.<br \/>\n\u200eSelon lui, l\u2019organisation des \u00e9valuations n\u00e9cessitait jusque-l\u00e0 un dispositif particulier. \u00ab La difficult\u00e9 se situait surtout au niveau de la transcription des \u00e9valuations.<\/p>\n<p>L\u2019\u00e9tudiant faisait appel \u00e0 un op\u00e9rateur de saisie qui transcrivait les \u00e9preuves en braille. Apr\u00e8s la composition, les r\u00e9ponses \u00e9taient retranscrites en \u00e9criture manuscrite pour \u00eatre int\u00e9gr\u00e9es aux autres copies \u00bb, a-t-il expliqu\u00e9.<\/p>\n<p>\u200eTr\u00e8s \u00e9mu, l\u2019\u00e9tudiant b\u00e9n\u00e9ficiaire n\u2019a pas cach\u00e9 sa satisfaction face \u00e0 ce geste qu\u2019il qualifie de soulagement. \u200e\u00ab C\u2019est une joie incommensurable pour moi d\u2019avoir acquis ce mat\u00e9riel qui va beaucoup faciliter mes \u00e9tudes. Nous avions beaucoup de difficult\u00e9s pour suivre les cours, mais ce mat\u00e9riel va nous permettre d\u2019enregistrer certains contenus et de mieux apprendre \u00bb, a confi\u00e9 Soutongnoma Luc Ramd\u00e9.<br \/>\n\u200eIl a par ailleurs exprim\u00e9 sa gratitude aux autorit\u00e9s universitaires et au minist\u00e8re pour avoir pr\u00eat\u00e9 une oreille attentive \u00e0 son cri de c\u0153ur.<\/p>\n<p>\u200eLa tutrice de l\u2019\u00e9tudiant \u00e0 Koudougou, Mme Ziou \/ Kabor\u00e9 Ramata, s\u2019est \u00e9galement r\u00e9jouie de cette initiative. \u200e\u00ab La joie est immense parce que, vu les difficult\u00e9s qu\u2019il rencontrait, ce mat\u00e9riel va certainement faciliter ses \u00e9tudes. C\u2019est un \u00e9tudiant travailleur, assidu et tr\u00e8s organis\u00e9 qui obtient de bons r\u00e9sultats malgr\u00e9 son handicap \u00bb, a-t-elle t\u00e9moign\u00e9.<\/p>\n<p>\u200eL\u2019administration de l\u2019universit\u00e9 a \u00e9galement indiqu\u00e9 b\u00e9n\u00e9ficier de l\u2019accompagnement de l\u2019Association burkinab\u00e8 pour la promotion des aveugles et malvoyants, qui a mis \u00e0 disposition un technicien pour former l\u2019\u00e9tudiant \u00e0 l\u2019utilisation du mat\u00e9riel.<\/p>\n<p>\u200eCette action marque ainsi une \u00e9tape importante dans les efforts de l\u2019Universit\u00e9 Norbert Zongo pour promouvoir une \u00e9ducation inclusive et offrir les m\u00eames chances de r\u00e9ussite \u00e0 tous les \u00e9tudiants.<\/p>\n<p style=\"text-align: right\"><strong>Agence d&rsquo;information du Burkina<\/strong><\/p>\n<p style=\"text-align: right\"><strong>FGB\/PB\/AS\/ATA<\/strong><br \/>\n\u200e<\/p>\n","protected":false},"excerpt":{"rendered":"<p>BURKINA-BOULKIEMDE-UNIVERSITE-NORBERT-ZONGO-SOUTIEN-MALVOYANT \u200eUniversit\u00e9 Norbert Zongo : du mat\u00e9riel remis \u00e0 un \u00e9tudiant malvoyant pour faciliter ses \u00e9tudes \u200eKoudougou, 13 mars 2026 (AIB) \u2013 La pr\u00e9sidence de l\u2019Universit\u00e9 Norbert Zongo a servi de cadre, ce vendredi matin, \u00e0 une c\u00e9r\u00e9monie de remise de mat\u00e9riel p\u00e9dagogique au profit de l\u2019\u00e9tudiant malvoyant Soutongnoma Luc Ramd\u00e9, inscrit en deuxi\u00e8me ann\u00e9e [&hellip;]<\/p>\n","protected":false},"author":21,"featured_media":143132,"comment_status":"open","ping_status":"open","sticky":false,"template":"","format":"standard","meta":{"advanced_seo_description":"","jetpack_seo_html_title":"","jetpack_seo_noindex":false,"jetpack_post_was_ever_published":false,"footnotes":""},"categories":[109,47,173,93,203,36],"tags":[],"class_list":{"0":"post-143120","1":"post","2":"type-post","3":"status-publish","4":"format-standard","5":"has-post-thumbnail","7":"category-boulkiemde","8":"category-centre-ouest","9":"category-depeches","10":"category-flashinfos","11":"category-la-une-aib","12":"category-societe"},"jetpack_featured_media_url":"https:\/\/i0.wp.com\/www.aib.media\/wp-content\/uploads\/2026\/03\/7-1.jpeg?fit=1008%2C756&ssl=1","jetpack_shortlink":"https:\/\/wp.me\/pavbHe-Beo","_links":{"self":[{"href":"https:\/\/www.aib.media\/index.php?rest_route=\/wp\/v2\/posts\/143120","targetHints":{"allow":["GET"]}}],"collection":[{"href":"https:\/\/www.aib.media\/index.php?rest_route=\/wp\/v2\/posts"}],"about":[{"href":"https:\/\/www.aib.media\/index.php?rest_route=\/wp\/v2\/types\/post"}],"author":[{"embeddable":true,"href":"https:\/\/www.aib.media\/index.php?rest_route=\/wp\/v2\/users\/21"}],"replies":[{"embeddable":true,"href":"https:\/\/www.aib.media\/index.php?rest_route=%2Fwp%2Fv2%2Fcomments&post=143120"}],"version-history":[{"count":1,"href":"https:\/\/www.aib.media\/index.php?rest_route=\/wp\/v2\/posts\/143120\/revisions"}],"predecessor-version":[{"id":143133,"href":"https:\/\/www.aib.media\/index.php?rest_route=\/wp\/v2\/posts\/143120\/revisions\/143133"}],"wp:featuredmedia":[{"embeddable":true,"href":"https:\/\/www.aib.media\/index.php?rest_route=\/wp\/v2\/media\/143132"}],"wp:attachment":[{"href":"https:\/\/www.aib.media\/index.php?rest_route=%2Fwp%2Fv2%2Fmedia&parent=143120"}],"wp:term":[{"taxonomy":"category","embeddable":true,"href":"https:\/\/www.aib.media\/index.php?rest_route=%2Fwp%2Fv2%2Fcategories&post=143120"},{"taxonomy":"post_tag","embeddable":true,"href":"https:\/\/www.aib.media\/index.php?rest_route=%2Fwp%2Fv2%2Ftags&post=143120"}],"curies":[{"name":"wp","href":"https:\/\/api.w.org\/{rel}","templated":true}]}}