{"id":143114,"date":"2026-03-13T14:56:58","date_gmt":"2026-03-13T14:56:58","guid":{"rendered":"https:\/\/www.aib.media\/?p=143114"},"modified":"2026-03-13T14:56:58","modified_gmt":"2026-03-13T14:56:58","slug":"bougouriba-le-gouverneur-siaka-barro-appelle-a-un-civisme-fiscal-exemplaire","status":"publish","type":"post","link":"https:\/\/www.aib.media\/?p=143114","title":{"rendered":"Bougouriba : Le gouverneur Siaka Barro appelle \u00e0 un civisme fiscal exemplaire"},"content":{"rendered":"<p><strong>Bougouriba : Le gouverneur Siaka Barro appelle \u00e0 un civisme fiscal exemplaire<\/strong><\/p>\n<p><strong>Di\u00e9bougou, 12 mars 2026 (AIB) \u2013 Le gouverneur de la r\u00e9gion du Dj\u00f4r\u00f4, Siaka Barro, a pr\u00e9sid\u00e9 le mardi 10 mars 2026 \u00e0 Di\u00e9bougou, dans la province de la Bougouriba, la mont\u00e9e solennelle des couleurs nationales dans l\u2019enceinte du Haut-Commissariat. La c\u00e9r\u00e9monie s\u2019est d\u00e9roul\u00e9e en pr\u00e9sence des corps constitu\u00e9s de la r\u00e9gion, des autorit\u00e9s administratives et coutumi\u00e8res, ainsi que des forces vives de la Bougouriba.<\/strong><\/p>\n<p>Cette sortie du premier responsable de la r\u00e9gion a constitu\u00e9 une occasion de transmettre le message des autorit\u00e9s nationales aux populations et de les inviter \u00e0 adh\u00e9rer aux id\u00e9aux de la R\u00e9volution progressiste et populaire, tout en accompagnant les actions du gouvernement dans la mise en \u0153uvre des politiques publiques.<\/p>\n<p>\u00c0 l\u2019issue de la mont\u00e9e des couleurs, le gouverneur Siaka Barro s\u2019est adress\u00e9 aux participants avant de proc\u00e9der au lancement r\u00e9gional de la 4e \u00e9dition du Mois de l\u2019exemplarit\u00e9 fiscale, pr\u00e9vu du 2 au 31 mars 2026.<\/p>\n<p>Dans son intervention, il a rappel\u00e9 la n\u00e9cessit\u00e9 pour les Burkinab\u00e8 de compter d\u2019abord sur leurs propres ressources pour assurer le d\u00e9veloppement du pays, surtout dans le contexte actuel marqu\u00e9 par une volont\u00e9 affirm\u00e9e de souverainet\u00e9 nationale.<\/p>\n<p>Selon lui, l\u2019engagement du Burkina Faso, sous l\u2019impulsion du pr\u00e9sident du Faso, chef de l\u2019\u00c9tat, le capitaine Ibrahim Traor\u00e9, en faveur d\u2019une souverainet\u00e9 totale et assum\u00e9e et d\u2019un d\u00e9veloppement endog\u00e8ne impose \u00e0 chaque citoyen de faire preuve d\u2019un civisme fiscal exemplaire.<\/p>\n<p>Citant le Premier ministre, Rimtalba Jean-Emmanuel Ou\u00e9draogo, lors du lancement national de cette initiative le 2 mars dernier, le gouverneur a rappel\u00e9 que \u00ab chaque taxe, chaque imp\u00f4t pay\u00e9 est un acte d\u2019amour pour le Burkina Faso \u00bb, avant d\u2019inviter les populations \u00e0 m\u00e9diter ces propos et \u00e0 contribuer activement \u00e0 la construction d\u2019un Burkina Faso souverain et prosp\u00e8re.<\/p>\n<p>Pour joindre l\u2019acte \u00e0 la parole, Siaka Barro s\u2019est rendu lui-m\u00eame \u00e0 la Direction provinciale des imp\u00f4ts, situ\u00e9e en face du Haut-Commissariat, afin de s\u2019acquitter de ses obligations fiscales. Il a \u00e9t\u00e9 suivi dans ce geste par plusieurs autres participants.<\/p>\n<p>\u00ab J\u2019invite chacun \u00e0 faire comme moi, \u00e0 payer ses imp\u00f4ts. On ne peut pas parler de souverainet\u00e9 si nous-m\u00eames ne contribuons pas par le paiement de nos taxes pour permettre \u00e0 l\u2019\u00c9tat de disposer des ressources n\u00e9cessaires pour construire le Burkina Faso \u00bb, a-t-il d\u00e9clar\u00e9.<\/p>\n<p>Cette visite du gouverneur \u00e0 Di\u00e9bougou intervient apr\u00e8s celle effectu\u00e9e le 2 f\u00e9vrier dernier \u00e0 Dano, dans la province du Ioba, au cours de laquelle il avait lanc\u00e9 une initiative communautaire pour l\u2019acquisition d\u2019une ambulance au profit de la 15e compagnie des sapeurs-pompiers bas\u00e9e \u00e0 Gaoua.<\/p>\n<p>Apr\u00e8s la c\u00e9r\u00e9monie, le gouverneur et sa d\u00e9l\u00e9gation ont poursuivi leur tourn\u00e9e dans la commune de Bondigui, situ\u00e9e \u00e0 une trentaine de kilom\u00e8tres \u00e0 l\u2019ouest de Di\u00e9bougou, o\u00f9 ils ont \u00e9chang\u00e9 avec les forces vives de la localit\u00e9.<\/p>\n<p>La prochaine mont\u00e9e solennelle r\u00e9gionale des couleurs nationales est pr\u00e9vue le 6 avril 2026 \u00e0 Bati\u00e9 dans la province du Noumbiel.<\/p>\n<p>&nbsp;<\/p>\n<p style=\"text-align: right\"><strong>Agence d&rsquo;Information du Burkina<\/strong><br \/>\n<strong>KMG\/ata<\/strong><\/p>\n","protected":false},"excerpt":{"rendered":"<p>Bougouriba : Le gouverneur Siaka Barro appelle \u00e0 un civisme fiscal exemplaire Di\u00e9bougou, 12 mars 2026 (AIB) \u2013 Le gouverneur de la r\u00e9gion du Dj\u00f4r\u00f4, Siaka Barro, a pr\u00e9sid\u00e9 le mardi 10 mars 2026 \u00e0 Di\u00e9bougou, dans la province de la Bougouriba, la mont\u00e9e solennelle des couleurs nationales dans l\u2019enceinte du Haut-Commissariat. La c\u00e9r\u00e9monie s\u2019est [&hellip;]<\/p>\n","protected":false},"author":15,"featured_media":143115,"comment_status":"open","ping_status":"open","sticky":false,"template":"","format":"standard","meta":{"advanced_seo_description":"","jetpack_seo_html_title":"","jetpack_seo_noindex":false,"jetpack_post_was_ever_published":false,"footnotes":""},"categories":[135,173,93,203],"tags":[],"class_list":{"0":"post-143114","1":"post","2":"type-post","3":"status-publish","4":"format-standard","5":"has-post-thumbnail","7":"category-bougouriba","8":"category-depeches","9":"category-flashinfos","10":"category-la-une-aib"},"jetpack_featured_media_url":"https:\/\/i0.wp.com\/www.aib.media\/wp-content\/uploads\/2026\/03\/IMG-20260313-WA00652.jpg?fit=1280%2C960&ssl=1","jetpack_shortlink":"https:\/\/wp.me\/pavbHe-Bei","_links":{"self":[{"href":"https:\/\/www.aib.media\/index.php?rest_route=\/wp\/v2\/posts\/143114","targetHints":{"allow":["GET"]}}],"collection":[{"href":"https:\/\/www.aib.media\/index.php?rest_route=\/wp\/v2\/posts"}],"about":[{"href":"https:\/\/www.aib.media\/index.php?rest_route=\/wp\/v2\/types\/post"}],"author":[{"embeddable":true,"href":"https:\/\/www.aib.media\/index.php?rest_route=\/wp\/v2\/users\/15"}],"replies":[{"embeddable":true,"href":"https:\/\/www.aib.media\/index.php?rest_route=%2Fwp%2Fv2%2Fcomments&post=143114"}],"version-history":[{"count":1,"href":"https:\/\/www.aib.media\/index.php?rest_route=\/wp\/v2\/posts\/143114\/revisions"}],"predecessor-version":[{"id":143116,"href":"https:\/\/www.aib.media\/index.php?rest_route=\/wp\/v2\/posts\/143114\/revisions\/143116"}],"wp:featuredmedia":[{"embeddable":true,"href":"https:\/\/www.aib.media\/index.php?rest_route=\/wp\/v2\/media\/143115"}],"wp:attachment":[{"href":"https:\/\/www.aib.media\/index.php?rest_route=%2Fwp%2Fv2%2Fmedia&parent=143114"}],"wp:term":[{"taxonomy":"category","embeddable":true,"href":"https:\/\/www.aib.media\/index.php?rest_route=%2Fwp%2Fv2%2Fcategories&post=143114"},{"taxonomy":"post_tag","embeddable":true,"href":"https:\/\/www.aib.media\/index.php?rest_route=%2Fwp%2Fv2%2Ftags&post=143114"}],"curies":[{"name":"wp","href":"https:\/\/api.w.org\/{rel}","templated":true}]}}