{"id":143111,"date":"2026-03-13T14:53:51","date_gmt":"2026-03-13T14:53:51","guid":{"rendered":"https:\/\/www.aib.media\/?p=143111"},"modified":"2026-03-13T14:53:51","modified_gmt":"2026-03-13T14:53:51","slug":"boulgou-le-haut-commissaire-constantin-dabire-mobilise-les-forces-vives-de-bagre-autour-de-linitiative-presidentielle-faso-mebo","status":"publish","type":"post","link":"https:\/\/www.aib.media\/?p=143111","title":{"rendered":"Boulgou : le Haut-commissaire Constantin Dabir\u00e9 mobilise les forces vives de Bagr\u00e9 autour de l\u2019initiative pr\u00e9sidentielle Faso M\u00eabo"},"content":{"rendered":"<p><strong>Boulgou : le Haut-commissaire Constantin Dabir\u00e9 mobilise les forces vives de Bagr\u00e9 autour de l\u2019initiative pr\u00e9sidentielle Faso M\u00eabo<\/strong><\/p>\n<p><strong>Tenkodogo, 11 mars 2026 (AIB) \u2013 Le Haut-commissaire de la province du Boulgou, Dom\u00e8gb\u00e8gui\u00e8re Constantin Dabir\u00e9, a pr\u00e9sid\u00e9 mercredi \u00e0 Bagr\u00e9 une rencontre d\u2019\u00e9changes avec les forces vives de la commune afin de mobiliser les populations autour de l\u2019initiative pr\u00e9sidentielle \u00ab Faso M\u00eabo \u00bb.<\/strong><\/p>\n<p>Cette activit\u00e9 s\u2019inscrit dans le cadre d\u2019une tourn\u00e9e de sensibilisation et de collecte de contributions citoyennes pour soutenir cette dynamique nationale de solidarit\u00e9 et de participation au d\u00e9veloppement.<\/p>\n<p>La rencontre a r\u00e9uni plusieurs autorit\u00e9s administratives et communales, notamment le Pr\u00e9sident de la D\u00e9l\u00e9gation sp\u00e9ciale (PDS) de Bagr\u00e9, le Secr\u00e9taire g\u00e9n\u00e9ral de la mairie, le Charg\u00e9 de mission de la r\u00e9gion du Nakamb\u00e9 ainsi que des repr\u00e9sentants de la coordination r\u00e9gionale de l&rsquo;agence Faso M\u00eabo.<\/p>\n<p>Le Haut-commissaire a salu\u00e9 l\u2019engagement de la commune dans la campagne \u00ab D\u00eam\u00ea Sira \u00bbLa premi\u00e8re communication a port\u00e9 sur la pr\u00e9sentation du bilan de la contribution de la commune de Bagr\u00e9 \u00e0 la campagne nationale \u00ab D\u00eam\u00ea Sira \u00bb. Expos\u00e9 par le Pr\u00e9sident de la D\u00e9l\u00e9gation sp\u00e9ciale de Bagr\u00e9, ce point a permis de faire le bilan de l\u2019engagement des populations dans cette initiative de solidarit\u00e9 nationale.<\/p>\n<p>\u00c0 cette occasion, le Haut-commissaire Constantin Dabir\u00e9 a salu\u00e9 l\u2019implication des forces vives locales et encourag\u00e9 les populations \u00e0 maintenir cette dynamique de participation citoyenne pour accompagner les actions de d\u00e9veloppement engag\u00e9es par les autorit\u00e9s nationales.<br \/>\nUne mobilisation autour de l\u2019initiative pr\u00e9sidentielle \u00ab Faso M\u00eabo \u00bb<\/p>\n<p>Le second point de la rencontre a \u00e9t\u00e9 consacr\u00e9 \u00e0 une communication sur l\u2019initiative pr\u00e9sidentielle \u00ab Faso M\u00eabo \u00bb dans la r\u00e9gion du Nakamb\u00e9. La pr\u00e9sentation a \u00e9t\u00e9 assur\u00e9e par l\u2019Adjudant Kanazo\u00e9, adjoint du coordonnateur r\u00e9gional Faso M\u00eabo du Nakamb\u00e9, en collaboration avec le Charg\u00e9 de mission du Pr\u00e9sident du Faso pour la r\u00e9gion.<\/p>\n<p>Les intervenants ont expliqu\u00e9 les objectifs de cette initiative qui vise \u00e0 encourager la contribution collective des citoyens aux efforts de d\u00e9veloppement national \u00e0 travers des actions concr\u00e8tes de solidarit\u00e9.<\/p>\n<p>\u00c0 l\u2019issue des \u00e9changes, le Haut-commissaire a lanc\u00e9 une collecte de contributions volontaires aupr\u00e8s des participants. Cette premi\u00e8re mobilisation a permis de r\u00e9unir 73 700 FCFA, un geste salu\u00e9 par les autorit\u00e9s comme un signe d\u2019adh\u00e9sion des forces vives de Bagr\u00e9 \u00e0 l\u2019initiative pr\u00e9sidentielle.<\/p>\n<p>Dans la continuit\u00e9 de l\u2019activit\u00e9, le Pr\u00e9sident de la D\u00e9l\u00e9gation sp\u00e9ciale a conduit la d\u00e9l\u00e9gation \u00e0 la Radio Bagr\u00e9p\u00f4le pour une \u00e9mission sp\u00e9ciale de sensibilisation. Cette intervention m\u00e9diatique visait \u00e0 informer un public plus large sur l\u2019importance de l\u2019initiative Faso M\u00eabo et \u00e0 encourager la participation citoyenne.<br \/>\nLa collecte des contributions volontaires se poursuivra dans la commune du 11 mars au 30 avril 2026, au terme de laquelle un premier bilan de la mobilisation sera \u00e9tabli.<br \/>\n\u00c0 travers cette tourn\u00e9e de sensibilisation, le Haut-commissaire Constantin Dabir\u00e9 entend renforcer l\u2019adh\u00e9sion des populations du Boulgou \u00e0 la dynamique nationale de solidarit\u00e9 et de d\u00e9veloppement port\u00e9e par l\u2019initiative pr\u00e9sidentielle Faso M\u00eabo.<\/p>\n<p style=\"text-align: right\"><strong>Agence D&rsquo;information du Burkina <\/strong><br \/>\n<strong>SM\/ata<\/strong><\/p>\n","protected":false},"excerpt":{"rendered":"<p>Boulgou : le Haut-commissaire Constantin Dabir\u00e9 mobilise les forces vives de Bagr\u00e9 autour de l\u2019initiative pr\u00e9sidentielle Faso M\u00eabo Tenkodogo, 11 mars 2026 (AIB) \u2013 Le Haut-commissaire de la province du Boulgou, Dom\u00e8gb\u00e8gui\u00e8re Constantin Dabir\u00e9, a pr\u00e9sid\u00e9 mercredi \u00e0 Bagr\u00e9 une rencontre d\u2019\u00e9changes avec les forces vives de la commune afin de mobiliser les populations autour [&hellip;]<\/p>\n","protected":false},"author":15,"featured_media":143112,"comment_status":"open","ping_status":"open","sticky":false,"template":"","format":"standard","meta":{"advanced_seo_description":"","jetpack_seo_html_title":"","jetpack_seo_noindex":false,"jetpack_post_was_ever_published":false,"footnotes":""},"categories":[103,173,93,203],"tags":[],"class_list":{"0":"post-143111","1":"post","2":"type-post","3":"status-publish","4":"format-standard","5":"has-post-thumbnail","7":"category-boulgou","8":"category-depeches","9":"category-flashinfos","10":"category-la-une-aib"},"jetpack_featured_media_url":"https:\/\/i0.wp.com\/www.aib.media\/wp-content\/uploads\/2026\/03\/IMG-20260313-WA00611.jpg?fit=750%2C1000&ssl=1","jetpack_shortlink":"https:\/\/wp.me\/pavbHe-Bef","_links":{"self":[{"href":"https:\/\/www.aib.media\/index.php?rest_route=\/wp\/v2\/posts\/143111","targetHints":{"allow":["GET"]}}],"collection":[{"href":"https:\/\/www.aib.media\/index.php?rest_route=\/wp\/v2\/posts"}],"about":[{"href":"https:\/\/www.aib.media\/index.php?rest_route=\/wp\/v2\/types\/post"}],"author":[{"embeddable":true,"href":"https:\/\/www.aib.media\/index.php?rest_route=\/wp\/v2\/users\/15"}],"replies":[{"embeddable":true,"href":"https:\/\/www.aib.media\/index.php?rest_route=%2Fwp%2Fv2%2Fcomments&post=143111"}],"version-history":[{"count":1,"href":"https:\/\/www.aib.media\/index.php?rest_route=\/wp\/v2\/posts\/143111\/revisions"}],"predecessor-version":[{"id":143113,"href":"https:\/\/www.aib.media\/index.php?rest_route=\/wp\/v2\/posts\/143111\/revisions\/143113"}],"wp:featuredmedia":[{"embeddable":true,"href":"https:\/\/www.aib.media\/index.php?rest_route=\/wp\/v2\/media\/143112"}],"wp:attachment":[{"href":"https:\/\/www.aib.media\/index.php?rest_route=%2Fwp%2Fv2%2Fmedia&parent=143111"}],"wp:term":[{"taxonomy":"category","embeddable":true,"href":"https:\/\/www.aib.media\/index.php?rest_route=%2Fwp%2Fv2%2Fcategories&post=143111"},{"taxonomy":"post_tag","embeddable":true,"href":"https:\/\/www.aib.media\/index.php?rest_route=%2Fwp%2Fv2%2Ftags&post=143111"}],"curies":[{"name":"wp","href":"https:\/\/api.w.org\/{rel}","templated":true}]}}