{"id":143110,"date":"2026-03-13T15:47:19","date_gmt":"2026-03-13T15:47:19","guid":{"rendered":"https:\/\/www.aib.media\/?p=143110"},"modified":"2026-03-13T15:47:19","modified_gmt":"2026-03-13T15:47:19","slug":"justice-traditionnelle-le-gouvernement-sollicite-laccompagnement-du-mogho-naaba-pour-loperationnalisation-de-faso-bukaore","status":"publish","type":"post","link":"https:\/\/www.aib.media\/?p=143110","title":{"rendered":"Justice traditionnelle : le gouvernement sollicite l\u2019accompagnement du Mogho Naaba pour l\u2019op\u00e9rationnalisation de \u201cFaso Bukaore\u201d"},"content":{"rendered":"<p>Burkina-Justice-Tradition-Bukaure<\/p>\n<p><strong>Justice traditionnelle : le gouvernement sollicite l\u2019accompagnement du Mogho Naaba pour l\u2019op\u00e9rationnalisation de \u201cFaso Bukaore\u201d<\/strong><\/p>\n<p><strong>Ouagadougou, 13 mars 2026 (AIB)-Une d\u00e9l\u00e9gation gouvernementale conduite par le ministre en charge de la Justice, Edasso Rodrigue Bayala, s\u2019est rendue vendredi au palais du Mogho Naaba \u00e0 Ouagadougou afin de solliciter l\u2019accompagnement de la chefferie traditionnelle dans la mise en \u0153uvre des instances traditionnelles de r\u00e8glement des conflits, appel\u00e9es \u00abFaso Bukaore\u00bb.<\/strong><\/p>\n<p>La d\u00e9l\u00e9gation comprenait \u00e9galement le ministre d\u2019\u00c9tat, ministre de l\u2019Administration territoriale et de la Mobilit\u00e9, \u00c9mile Zerbo. Cette visite s\u2019inscrit dans le cadre de la tourn\u00e9e de sensibilisation et d\u2019\u00e9changes engag\u00e9e par le gouvernement pour l\u2019op\u00e9rationnalisation de la loi portant organisation des m\u00e9canismes traditionnels de r\u00e8glement des diff\u00e9rends.<\/p>\n<p>Selon le ministre de la Justice, cette d\u00e9marche d\u00e9coule de la volont\u00e9 politique exprim\u00e9e par le pr\u00e9sident du Faso lors de la r\u00e9vision constitutionnelle du 30 d\u00e9cembre 2023, qui a consacr\u00e9 le recours aux m\u00e9canismes endog\u00e8nes de gestion des conflits.<\/p>\n<p>\u00ab Nous sommes venus ce matin au palais de Sa Majest\u00e9 pour faire le point de la mise en \u0153uvre de la loi portant sur le Bukaore, c\u2019est-\u00e0-dire les instances traditionnelles de r\u00e8glement des conflits \u00bb, a expliqu\u00e9 M. Bayala.<\/p>\n<p>Il a rappel\u00e9 qu\u2019une grande partie des conflits au sein des communaut\u00e9s burkinab\u00e8 est d\u00e9j\u00e0 r\u00e9solue selon les r\u00e8gles et coutumes locales. Une \u00e9tude men\u00e9e par son d\u00e9partement a d\u2019ailleurs montr\u00e9 que ces m\u00e9canismes contribuent \u00e0 la pacification de la soci\u00e9t\u00e9 et au renforcement de la coh\u00e9sion sociale.<\/p>\n<p>Adopt\u00e9e le 14 janvier dernier, la loi sur le Bukaore est \u00e9troitement li\u00e9e \u00e0 celle relative \u00e0 la chefferie traditionnelle, les chefs coutumiers \u00e9tant appel\u00e9s \u00e0 jouer un r\u00f4le central dans la mise en \u0153uvre de cette justice de proximit\u00e9.<br \/>\nLe ministre a pr\u00e9cis\u00e9 que cette loi ne cr\u00e9e pas de nouvelles structures mais vise plut\u00f4t \u00e0 reconna\u00eetre et encadrer des pratiques d\u00e9j\u00e0 existantes.<\/p>\n<p>\u00ab La loi ne cr\u00e9e rien de nouveau. Elle part du constat de l\u2019existant pour donner une force ex\u00e9cutoire aux d\u00e9cisions rendues au niveau des instances traditionnelles \u00bb, a-t-il indiqu\u00e9.<\/p>\n<p>Ainsi, les d\u00e9cisions issues de ces instances pourront d\u00e9sormais avoir la m\u00eame valeur juridique que celles rendues par les juridictions classiques, afin d\u2019\u00e9viter que certains litiges d\u00e9j\u00e0 r\u00e9gl\u00e9s au niveau coutumier ne soient \u00e0 nouveau port\u00e9s devant les tribunaux modernes.<\/p>\n<p>La tourn\u00e9e entam\u00e9e \u00e0 Ouagadougou concernera plusieurs r\u00e9gions du pays dans le cadre d\u2019une phase pilote. Elle permettra au gouvernement de pr\u00e9senter les textes d\u2019application de la loi aux autorit\u00e9s traditionnelles, de recueillir leurs observations et de b\u00e9n\u00e9ficier de leurs b\u00e9n\u00e9dictions pour une mise en \u0153uvre r\u00e9ussie du dispositif.<\/p>\n<p>Cette initiative s\u2019inscrit dans la volont\u00e9 des autorit\u00e9s burkinab\u00e8 de promouvoir les valeurs endog\u00e8nes et de renforcer les m\u00e9canismes locaux de coh\u00e9sion sociale et de r\u00e8glement pacifique des conflits.<\/p>\n<p style=\"text-align: right\"><strong>Agence d\u2019information du Burkina<\/strong><br \/>\n<strong>OS\/yos<\/strong><\/p>\n","protected":false},"excerpt":{"rendered":"<p>Burkina-Justice-Tradition-Bukaure Justice traditionnelle : le gouvernement sollicite l\u2019accompagnement du Mogho Naaba pour l\u2019op\u00e9rationnalisation de \u201cFaso Bukaore\u201d Ouagadougou, 13 mars 2026 (AIB)-Une d\u00e9l\u00e9gation gouvernementale conduite par le ministre en charge de la Justice, Edasso Rodrigue Bayala, s\u2019est rendue vendredi au palais du Mogho Naaba \u00e0 Ouagadougou afin de solliciter l\u2019accompagnement de la chefferie traditionnelle dans la [&hellip;]<\/p>\n","protected":false},"author":21,"featured_media":143118,"comment_status":"open","ping_status":"open","sticky":false,"template":"","format":"standard","meta":{"advanced_seo_description":"","jetpack_seo_html_title":"","jetpack_seo_noindex":false,"jetpack_post_was_ever_published":false,"footnotes":""},"categories":[42,173,93,102,203,36],"tags":[],"class_list":{"0":"post-143110","1":"post","2":"type-post","3":"status-publish","4":"format-standard","5":"has-post-thumbnail","7":"category-centre","8":"category-depeches","9":"category-flashinfos","10":"category-kadiogo","11":"category-la-une-aib","12":"category-societe"},"jetpack_featured_media_url":"https:\/\/i0.wp.com\/www.aib.media\/wp-content\/uploads\/2026\/03\/6-6.jpeg?fit=2560%2C1706&ssl=1","jetpack_shortlink":"https:\/\/wp.me\/pavbHe-Bee","_links":{"self":[{"href":"https:\/\/www.aib.media\/index.php?rest_route=\/wp\/v2\/posts\/143110","targetHints":{"allow":["GET"]}}],"collection":[{"href":"https:\/\/www.aib.media\/index.php?rest_route=\/wp\/v2\/posts"}],"about":[{"href":"https:\/\/www.aib.media\/index.php?rest_route=\/wp\/v2\/types\/post"}],"author":[{"embeddable":true,"href":"https:\/\/www.aib.media\/index.php?rest_route=\/wp\/v2\/users\/21"}],"replies":[{"embeddable":true,"href":"https:\/\/www.aib.media\/index.php?rest_route=%2Fwp%2Fv2%2Fcomments&post=143110"}],"version-history":[{"count":1,"href":"https:\/\/www.aib.media\/index.php?rest_route=\/wp\/v2\/posts\/143110\/revisions"}],"predecessor-version":[{"id":143119,"href":"https:\/\/www.aib.media\/index.php?rest_route=\/wp\/v2\/posts\/143110\/revisions\/143119"}],"wp:featuredmedia":[{"embeddable":true,"href":"https:\/\/www.aib.media\/index.php?rest_route=\/wp\/v2\/media\/143118"}],"wp:attachment":[{"href":"https:\/\/www.aib.media\/index.php?rest_route=%2Fwp%2Fv2%2Fmedia&parent=143110"}],"wp:term":[{"taxonomy":"category","embeddable":true,"href":"https:\/\/www.aib.media\/index.php?rest_route=%2Fwp%2Fv2%2Fcategories&post=143110"},{"taxonomy":"post_tag","embeddable":true,"href":"https:\/\/www.aib.media\/index.php?rest_route=%2Fwp%2Fv2%2Ftags&post=143110"}],"curies":[{"name":"wp","href":"https:\/\/api.w.org\/{rel}","templated":true}]}}