{"id":143105,"date":"2026-03-13T14:50:43","date_gmt":"2026-03-13T14:50:43","guid":{"rendered":"https:\/\/www.aib.media\/?p=143105"},"modified":"2026-03-13T14:50:43","modified_gmt":"2026-03-13T14:50:43","slug":"bougouriba-bondigui-le-gouverneur-du-djoro-echange-avec-les-forces-vives-sur-les-priorites-de-developpement","status":"publish","type":"post","link":"https:\/\/www.aib.media\/?p=143105","title":{"rendered":"Bougouriba\/Bondigui : le Gouverneur du Dj\u00f4r\u00f4 \u00e9change avec les forces vives sur les priorit\u00e9s de d\u00e9veloppement"},"content":{"rendered":"<p><strong>Bougouriba\/Bondigui : le Gouverneur du Dj\u00f4r\u00f4 \u00e9change avec les forces vives sur les priorit\u00e9s de d\u00e9veloppement<\/strong><\/p>\n<p><strong>Bondigui, 12 mars 2026 (AIB) \u2013 Le Gouverneur de la r\u00e9gion du Dj\u00f4r\u00f4, Siaka Barro, a rencontr\u00e9 mardi 10 mars \u00e0 Bondigui les forces vives de la commune afin de transmettre le message des autorit\u00e9s nationales, recueillir les pr\u00e9occupations des populations et \u00e9changer sur les actions de d\u00e9veloppement en cours dans la localit\u00e9.<\/strong><\/p>\n<p>Accompagn\u00e9 des directeurs r\u00e9gionaux et d\u2019une importante d\u00e9l\u00e9gation, le Gouverneur est venu inviter les populations \u00e0 adh\u00e9rer aux id\u00e9aux de la R\u00e9volution progressiste populaire et \u00e0 accompagner les autorit\u00e9s dans la mise en \u0153uvre des politiques publiques visant l\u2019am\u00e9lioration des conditions de vie des Burkinab\u00e8.<\/p>\n<p>La rencontre a connu une forte mobilisation des populations venues des quinze villages de la commune. \u00c0 son arriv\u00e9e \u00e0 Bondigui, le Gouverneur a \u00e9t\u00e9 accueilli \u00e0 l\u2019entr\u00e9e de la ville par le Pr\u00e9fet, pr\u00e9sident de la D\u00e9l\u00e9gation sp\u00e9ciale de la commune, Bassi\u00e8re Patrick Bedel, entour\u00e9 des autorit\u00e9s administratives, coutumi\u00e8res et des forces vives.<\/p>\n<p>La d\u00e9l\u00e9gation r\u00e9gionale s\u2019est ensuite rendue au palais de Sa Majest\u00e9 le Chef de terre de Bondigui pour les salutations d\u2019usage, avant de rejoindre la salle des f\u00eates de la mairie o\u00f9 s\u2019est tenue la rencontre d\u2019\u00e9changes. La salle s\u2019est rapidement r\u00e9v\u00e9l\u00e9e exigu\u00eb face \u00e0 l\u2019affluence des repr\u00e9sentants des diff\u00e9rentes couches sociales de la commune.<\/p>\n<p>Selon le Gouverneur Siaka Barro, l\u2019objectif de cette tourn\u00e9e est de communiquer sur les initiatives et les efforts consentis par le gouvernement pour le bien-\u00eatre des populations, tout en recueillant leurs pr\u00e9occupations afin d\u2019identifier des solutions adapt\u00e9es.<\/p>\n<p>Les \u00e9changes ont permis aux autorit\u00e9s coutumi\u00e8res et religieuses, aux femmes, aux jeunes regroup\u00e9s au sein de la Coordination nationale des associations de veille citoyenne (CNAVC), aux personnes \u00e2g\u00e9es, aux Comit\u00e9s villageois de d\u00e9veloppement (CVD), aux dozos, aux commer\u00e7ants, aux artisans miniers, aux personnes d\u00e9plac\u00e9es internes (PDI) et aux services techniques d\u00e9partementaux, \u00e0 travers leur repr\u00e9sentant, d\u2019exprimer leurs pr\u00e9occupations.<\/p>\n<p>Parmi les principales dol\u00e9ances figurent la reprise du lotissement du chef-lieu de la commune, l\u2019\u00e9rection du Centre de sant\u00e9 et de promotion sociale (CSPS) de Bondigui en centre m\u00e9dical, la construction d\u2019un Coll\u00e8ge d\u2019enseignement g\u00e9n\u00e9ral (CEG) pour les villages de Nahirindon et d\u2019Inti\u00e9dougou situ\u00e9s \u00e0 environ 140 kilom\u00e8tres du chef-lieu communal, l\u2019acquisition d\u2019un second tracteur pour la commune ainsi que l\u2019augmentation des intrants agricoles. Les populations ont \u00e9galement \u00e9voqu\u00e9 le retard accus\u00e9 dans l\u2019\u00e9lectrification de certains services techniques et \u00e9tablissements scolaires.<\/p>\n<p>Face \u00e0 ces pr\u00e9occupations, les directeurs r\u00e9gionaux des secteurs concern\u00e9s ont apport\u00e9 des \u00e9clairages et pr\u00e9sent\u00e9, pour certaines questions, des pistes de solutions. Le Gouverneur a pour sa part instruit les responsables techniques de suivre avec attention les diff\u00e9rentes dol\u00e9ances exprim\u00e9es.<\/p>\n<p>\u00ab Certaines pr\u00e9occupations ne peuvent pas trouver de solution imm\u00e9diate ici, mais nous serons un relais pour qu\u2019elles parviennent aux autorit\u00e9s comp\u00e9tentes. D\u2019autres, en revanche, peuvent \u00eatre r\u00e9solues si les populations s\u2019organisent. Dans le contexte actuel de r\u00e9volution, l\u2019accent est mis sur les initiatives endog\u00e8nes \u00bb, a-t-il expliqu\u00e9.<\/p>\n<p>Dans son mot de cl\u00f4ture, le Gouverneur Barro a salu\u00e9 la forte mobilisation et l\u2019accueil chaleureux r\u00e9serv\u00e9s \u00e0 la d\u00e9l\u00e9gation r\u00e9gionale. Il a \u00e9galement invit\u00e9 les populations \u00e0 s\u2019acquitter de leurs obligations fiscales afin de soutenir les efforts de d\u00e9veloppement du pays.<\/p>\n<p>\u00ab Ce matin \u00e0 Di\u00e9bougou, j\u2019ai eu l\u2019honneur de lancer la campagne de l\u2019exemplarit\u00e9 fiscale. J\u2019invite chacun \u00e0 suivre cet exemple en s\u2019acquittant de ses imp\u00f4ts pour contribuer au d\u00e9veloppement de notre pays \u00bb, a-t-il d\u00e9clar\u00e9.<\/p>\n<p>Cette rencontre s\u2019inscrit dans la dynamique de dialogue direct engag\u00e9e par le Gouverneur avec les populations depuis le d\u00e9but de l\u2019ann\u00e9e 2026, en vue de renforcer la participation citoyenne aux actions de d\u00e9veloppement local.<\/p>\n<p>&nbsp;<\/p>\n<p style=\"text-align: right\"><strong>Agence d&rsquo;Information du Burkina<\/strong><br \/>\n<strong>HDP\/kmg\/ata<\/strong><\/p>\n","protected":false},"excerpt":{"rendered":"<p>Bougouriba\/Bondigui : le Gouverneur du Dj\u00f4r\u00f4 \u00e9change avec les forces vives sur les priorit\u00e9s de d\u00e9veloppement Bondigui, 12 mars 2026 (AIB) \u2013 Le Gouverneur de la r\u00e9gion du Dj\u00f4r\u00f4, Siaka Barro, a rencontr\u00e9 mardi 10 mars \u00e0 Bondigui les forces vives de la commune afin de transmettre le message des autorit\u00e9s nationales, recueillir les pr\u00e9occupations [&hellip;]<\/p>\n","protected":false},"author":15,"featured_media":143106,"comment_status":"open","ping_status":"open","sticky":false,"template":"","format":"standard","meta":{"advanced_seo_description":"","jetpack_seo_html_title":"","jetpack_seo_noindex":false,"jetpack_post_was_ever_published":false,"footnotes":""},"categories":[135,173,93,203],"tags":[],"class_list":{"0":"post-143105","1":"post","2":"type-post","3":"status-publish","4":"format-standard","5":"has-post-thumbnail","7":"category-bougouriba","8":"category-depeches","9":"category-flashinfos","10":"category-la-une-aib"},"jetpack_featured_media_url":"https:\/\/i0.wp.com\/www.aib.media\/wp-content\/uploads\/2026\/03\/IMG-20260313-WA00581.jpg?fit=1280%2C960&ssl=1","jetpack_shortlink":"https:\/\/wp.me\/pavbHe-Be9","_links":{"self":[{"href":"https:\/\/www.aib.media\/index.php?rest_route=\/wp\/v2\/posts\/143105","targetHints":{"allow":["GET"]}}],"collection":[{"href":"https:\/\/www.aib.media\/index.php?rest_route=\/wp\/v2\/posts"}],"about":[{"href":"https:\/\/www.aib.media\/index.php?rest_route=\/wp\/v2\/types\/post"}],"author":[{"embeddable":true,"href":"https:\/\/www.aib.media\/index.php?rest_route=\/wp\/v2\/users\/15"}],"replies":[{"embeddable":true,"href":"https:\/\/www.aib.media\/index.php?rest_route=%2Fwp%2Fv2%2Fcomments&post=143105"}],"version-history":[{"count":1,"href":"https:\/\/www.aib.media\/index.php?rest_route=\/wp\/v2\/posts\/143105\/revisions"}],"predecessor-version":[{"id":143107,"href":"https:\/\/www.aib.media\/index.php?rest_route=\/wp\/v2\/posts\/143105\/revisions\/143107"}],"wp:featuredmedia":[{"embeddable":true,"href":"https:\/\/www.aib.media\/index.php?rest_route=\/wp\/v2\/media\/143106"}],"wp:attachment":[{"href":"https:\/\/www.aib.media\/index.php?rest_route=%2Fwp%2Fv2%2Fmedia&parent=143105"}],"wp:term":[{"taxonomy":"category","embeddable":true,"href":"https:\/\/www.aib.media\/index.php?rest_route=%2Fwp%2Fv2%2Fcategories&post=143105"},{"taxonomy":"post_tag","embeddable":true,"href":"https:\/\/www.aib.media\/index.php?rest_route=%2Fwp%2Fv2%2Ftags&post=143105"}],"curies":[{"name":"wp","href":"https:\/\/api.w.org\/{rel}","templated":true}]}}