{"id":143100,"date":"2026-03-13T14:48:37","date_gmt":"2026-03-13T14:48:37","guid":{"rendered":"https:\/\/www.aib.media\/?p=143100"},"modified":"2026-03-13T14:48:37","modified_gmt":"2026-03-13T14:48:37","slug":"tenkodogo-une-rupture-commune-du-jeune-pour-renforcer-la-tolerance-religieuse-et-la-cohesion-sociale","status":"publish","type":"post","link":"https:\/\/www.aib.media\/?p=143100","title":{"rendered":"Tenkodogo : une rupture commune du je\u00fbne pour renforcer la tol\u00e9rance religieuse et la coh\u00e9sion sociale"},"content":{"rendered":"<p><strong>Tenkodogo : une rupture commune du je\u00fbne pour renforcer la tol\u00e9rance religieuse et la coh\u00e9sion sociale<\/strong><\/p>\n<p><strong>Tenkodogo, 11 mars 2026 (AIB)-L\u2019Association pour la tol\u00e9rance religieuse et le dialogue interreligieux (ATR\/DI), cellule de Tenkodogo, a organis\u00e9 mercredi une rupture commune du je\u00fbne r\u00e9unissant musulmans, chr\u00e9tiens et autorit\u00e9s coutumi\u00e8res devant le haut-commissariat de la province du Boulgou. Cette initiative vise \u00e0 promouvoir la tol\u00e9rance religieuse, le dialogue interconfessionnel et la coh\u00e9sion sociale dans la r\u00e9gion du Nakamb\u00e9.<\/strong><\/p>\n<p>Plac\u00e9e sous le signe du vivre-ensemble et du partage, l\u2019activit\u00e9 a mobilis\u00e9 plusieurs leaders religieux, des autorit\u00e9s administratives et coutumi\u00e8res ainsi que des repr\u00e9sentants de la soci\u00e9t\u00e9 civile venus communier autour des valeurs de paix, de solidarit\u00e9 et de fraternit\u00e9.<\/p>\n<p>Selon le secr\u00e9taire g\u00e9n\u00e9ral de la cellule, Armand Segu\u00e9da, cette initiative trouve son sens dans la co\u00efncidence des p\u00e9riodes de je\u00fbne chez les musulmans et les chr\u00e9tiens.<\/p>\n<p>\u00ab Nous remercions d\u2019abord Dieu d\u2019avoir permis que les communaut\u00e9s religieuses vivent en m\u00eame temps les p\u00e9riodes de Ramadan et de Car\u00eame. \u00c0 travers cette activit\u00e9, nous avons voulu r\u00e9unir les musulmans, les chr\u00e9tiens et les autorit\u00e9s coutumi\u00e8res afin de partager un moment de fraternit\u00e9 et renforcer les liens entre les diff\u00e9rentes communaut\u00e9s \u00bb, a-t-il expliqu\u00e9.<\/p>\n<p>Pour les responsables de l\u2019association, cette rencontre constitue un cadre de dialogue interreligieux visant \u00e0 rappeler que la paix et la coh\u00e9sion sociale reposent sur l\u2019acceptation mutuelle, la tol\u00e9rance et le respect des diff\u00e9rences.<\/p>\n<p>L\u2019ATR\/DI, engag\u00e9e dans la promotion du vivre-ensemble harmonieux, \u0153uvre notamment dans la pr\u00e9vention des conflits communautaires et la consolidation de la paix \u00e0 travers des actions de sensibilisation et de dialogue entre les diff\u00e9rentes composantes de la soci\u00e9t\u00e9.<\/p>\n<p>Repr\u00e9sentant Sa Majest\u00e9 Naaba Guiguempol\u00e9, le Zong-Naaba a salu\u00e9 l\u2019initiative qui, selon lui, renforce les liens entre les diff\u00e9rentes confessions religieuses et les autorit\u00e9s coutumi\u00e8res.<\/p>\n<p>\u00ab Nous sommes r\u00e9unis ce soir avec les musulmans, les catholiques, les protestants et les adeptes de la religion traditionnelle pour une rupture collective du je\u00fbne et pour prier ensemble pour la paix au Burkina Faso et pour le vivre-ensemble dans notre communaut\u00e9 \u00bb, a-t-il d\u00e9clar\u00e9.<\/p>\n<p>M\u00eame son de cloche du c\u00f4t\u00e9 des responsables religieux musulmans. L\u2019imam pr\u00e9sent \u00e0 la c\u00e9r\u00e9monie a insist\u00e9 sur l\u2019importance de l\u2019unit\u00e9 entre les populations pour relever les d\u00e9fis actuels.<\/p>\n<p>\u00ab Ensemble, nous pouvons faire beaucoup de choses. Je souhaite que les populations s\u2019entendent et que Dieu exauce nos pri\u00e8res et pardonne nos p\u00e9ch\u00e9s \u00bb, a-t-il formul\u00e9.<\/p>\n<p>La c\u00e9r\u00e9monie a \u00e9t\u00e9 marqu\u00e9e par des pri\u00e8res et b\u00e9n\u00e9dictions conjointes pour la paix, la stabilit\u00e9 et la coh\u00e9sion sociale au Burkina Faso, suivies d\u2019un partage fraternel du repas de rupture du je\u00fbne entre les participants.<\/p>\n<p>\u00c0 travers cette initiative, l\u2019Association pour la tol\u00e9rance religieuse et le dialogue interreligieux entend contribuer \u00e0 renforcer le dialogue entre les communaut\u00e9s religieuses et \u00e0 consolider les bases du vivre-ensemble dans la r\u00e9gion du Nakamb\u00e9.<\/p>\n<p>Dans un contexte national marqu\u00e9 par divers d\u00e9fis s\u00e9curitaires et sociaux, les organisateurs estiment que la multiplication de telles initiatives constitue un levier important pour promouvoir la paix, la tol\u00e9rance et la solidarit\u00e9 entre les populations.<\/p>\n<p style=\"text-align: right\">\n<strong>Agence d\u2019Information du Burkina <\/strong><br \/>\n<strong>SM\/ata<\/strong><\/p>\n","protected":false},"excerpt":{"rendered":"<p>Tenkodogo : une rupture commune du je\u00fbne pour renforcer la tol\u00e9rance religieuse et la coh\u00e9sion sociale Tenkodogo, 11 mars 2026 (AIB)-L\u2019Association pour la tol\u00e9rance religieuse et le dialogue interreligieux (ATR\/DI), cellule de Tenkodogo, a organis\u00e9 mercredi une rupture commune du je\u00fbne r\u00e9unissant musulmans, chr\u00e9tiens et autorit\u00e9s coutumi\u00e8res devant le haut-commissariat de la province du Boulgou. [&hellip;]<\/p>\n","protected":false},"author":15,"featured_media":143102,"comment_status":"open","ping_status":"open","sticky":false,"template":"","format":"standard","meta":{"advanced_seo_description":"","jetpack_seo_html_title":"","jetpack_seo_noindex":false,"jetpack_post_was_ever_published":false,"footnotes":""},"categories":[103,173,93,203],"tags":[],"class_list":{"0":"post-143100","1":"post","2":"type-post","3":"status-publish","4":"format-standard","5":"has-post-thumbnail","7":"category-boulgou","8":"category-depeches","9":"category-flashinfos","10":"category-la-une-aib"},"jetpack_featured_media_url":"https:\/\/i0.wp.com\/www.aib.media\/wp-content\/uploads\/2026\/03\/IMG-20260313-WA00452.jpg?fit=1024%2C768&ssl=1","jetpack_shortlink":"https:\/\/wp.me\/pavbHe-Be4","_links":{"self":[{"href":"https:\/\/www.aib.media\/index.php?rest_route=\/wp\/v2\/posts\/143100","targetHints":{"allow":["GET"]}}],"collection":[{"href":"https:\/\/www.aib.media\/index.php?rest_route=\/wp\/v2\/posts"}],"about":[{"href":"https:\/\/www.aib.media\/index.php?rest_route=\/wp\/v2\/types\/post"}],"author":[{"embeddable":true,"href":"https:\/\/www.aib.media\/index.php?rest_route=\/wp\/v2\/users\/15"}],"replies":[{"embeddable":true,"href":"https:\/\/www.aib.media\/index.php?rest_route=%2Fwp%2Fv2%2Fcomments&post=143100"}],"version-history":[{"count":1,"href":"https:\/\/www.aib.media\/index.php?rest_route=\/wp\/v2\/posts\/143100\/revisions"}],"predecessor-version":[{"id":143104,"href":"https:\/\/www.aib.media\/index.php?rest_route=\/wp\/v2\/posts\/143100\/revisions\/143104"}],"wp:featuredmedia":[{"embeddable":true,"href":"https:\/\/www.aib.media\/index.php?rest_route=\/wp\/v2\/media\/143102"}],"wp:attachment":[{"href":"https:\/\/www.aib.media\/index.php?rest_route=%2Fwp%2Fv2%2Fmedia&parent=143100"}],"wp:term":[{"taxonomy":"category","embeddable":true,"href":"https:\/\/www.aib.media\/index.php?rest_route=%2Fwp%2Fv2%2Fcategories&post=143100"},{"taxonomy":"post_tag","embeddable":true,"href":"https:\/\/www.aib.media\/index.php?rest_route=%2Fwp%2Fv2%2Ftags&post=143100"}],"curies":[{"name":"wp","href":"https:\/\/api.w.org\/{rel}","templated":true}]}}