{"id":143093,"date":"2026-03-13T14:43:39","date_gmt":"2026-03-13T14:43:39","guid":{"rendered":"https:\/\/www.aib.media\/?p=143093"},"modified":"2026-03-13T14:43:39","modified_gmt":"2026-03-13T14:43:39","slug":"these-de-doctorat-jean-tiewende-balima-analyse-60-ans-de-relations-americano-burkinabe","status":"publish","type":"post","link":"https:\/\/www.aib.media\/?p=143093","title":{"rendered":"Th\u00e8se de doctorat : Jean Ti\u00e9wend\u00e9 Balima analyse 60 ans de relations am\u00e9ricano-burkinab\u00e8"},"content":{"rendered":"<p><strong>Th\u00e8se de doctorat : Jean Ti\u00e9wend\u00e9 Balima analyse 60 ans de relations am\u00e9ricano-burkinab\u00e8<\/strong><br \/>\n<strong>\u200e<\/strong><br \/>\n<strong>\u200eOuagadougou, 13 mars 2026 (AIB)-Le Directeur provincial de l\u2019Enseignement secondaire et de la Formation professionnelle et technique de la Gnagna, Jean Tewend\u00e9 Balima, a soutenu avec succ\u00e8s, le 26 f\u00e9vrier \u00e0 Ouagadougou, sa th\u00e8se unique de doctorat consacr\u00e9e \u00e0 six d\u00e9cennies de relations entre le Burkina Faso et les \u00c9tats-Unis, obtenant la mention \u00ab Tr\u00e8s honorable \u00bb.<\/strong><\/p>\n<p>\u200e\u200eIntitul\u00e9 \u00ab Les relations am\u00e9ricano-burkinab\u00e8 de 1960 \u00e0 2020 : des enjeux g\u00e9opolitiques \u00e0 la coop\u00e9ration au d\u00e9veloppement \u00bb, le travail analyse l\u2019\u00e9volution des rapports diplomatiques, politiques, s\u00e9curitaires et \u00e9conomiques entre Ouagadougou et Washington.<\/p>\n<p>\u200e\u200eS\u2019appuyant sur des archives et des entretiens, le d\u00e9sormais docteur met en lumi\u00e8re le passage d\u2019une relation marqu\u00e9e par les logiques de la guerre froide \u00e0 un partenariat ax\u00e9 sur l\u2019aide au d\u00e9veloppement, la gouvernance et la s\u00e9curit\u00e9.<\/p>\n<p style=\"text-align: left\">\u200e\u200eLe jury a salu\u00e9 une contribution scientifique majeure \u00e0 la compr\u00e9hension des relations internationales du Burkina Faso. Des autorit\u00e9s provinciales, dont le Haut-commissaire de la Gnagna, Jean Baptiste Beogo et l&rsquo;ensemble des corps constitu\u00e9s ont f\u00e9licit\u00e9 le nouveau docteur, soulignant l\u2019exemplarit\u00e9 de son parcours et l\u2019importance de la recherche pour l\u2019\u00e9clairage des politiques publiques.<\/p>\n<p style=\"text-align: right\">\n\u200e<br \/>\n<strong>\u200eAgence d&rsquo;Information du Burkina<\/strong><br \/>\n<strong>OT\/ata<\/strong><\/p>\n","protected":false},"excerpt":{"rendered":"<p>Th\u00e8se de doctorat : Jean Ti\u00e9wend\u00e9 Balima analyse 60 ans de relations am\u00e9ricano-burkinab\u00e8 \u200e \u200eOuagadougou, 13 mars 2026 (AIB)-Le Directeur provincial de l\u2019Enseignement secondaire et de la Formation professionnelle et technique de la Gnagna, Jean Tewend\u00e9 Balima, a soutenu avec succ\u00e8s, le 26 f\u00e9vrier \u00e0 Ouagadougou, sa th\u00e8se unique de doctorat consacr\u00e9e \u00e0 six d\u00e9cennies [&hellip;]<\/p>\n","protected":false},"author":15,"featured_media":143094,"comment_status":"open","ping_status":"open","sticky":false,"template":"","format":"standard","meta":{"advanced_seo_description":"","jetpack_seo_html_title":"","jetpack_seo_noindex":false,"jetpack_post_was_ever_published":false,"footnotes":""},"categories":[173,93,102,203],"tags":[],"class_list":{"0":"post-143093","1":"post","2":"type-post","3":"status-publish","4":"format-standard","5":"has-post-thumbnail","7":"category-depeches","8":"category-flashinfos","9":"category-kadiogo","10":"category-la-une-aib"},"jetpack_featured_media_url":"https:\/\/i0.wp.com\/www.aib.media\/wp-content\/uploads\/2026\/03\/IMG-20260313-WA00271.jpg?fit=1080%2C810&ssl=1","jetpack_shortlink":"https:\/\/wp.me\/pavbHe-BdX","_links":{"self":[{"href":"https:\/\/www.aib.media\/index.php?rest_route=\/wp\/v2\/posts\/143093","targetHints":{"allow":["GET"]}}],"collection":[{"href":"https:\/\/www.aib.media\/index.php?rest_route=\/wp\/v2\/posts"}],"about":[{"href":"https:\/\/www.aib.media\/index.php?rest_route=\/wp\/v2\/types\/post"}],"author":[{"embeddable":true,"href":"https:\/\/www.aib.media\/index.php?rest_route=\/wp\/v2\/users\/15"}],"replies":[{"embeddable":true,"href":"https:\/\/www.aib.media\/index.php?rest_route=%2Fwp%2Fv2%2Fcomments&post=143093"}],"version-history":[{"count":1,"href":"https:\/\/www.aib.media\/index.php?rest_route=\/wp\/v2\/posts\/143093\/revisions"}],"predecessor-version":[{"id":143095,"href":"https:\/\/www.aib.media\/index.php?rest_route=\/wp\/v2\/posts\/143093\/revisions\/143095"}],"wp:featuredmedia":[{"embeddable":true,"href":"https:\/\/www.aib.media\/index.php?rest_route=\/wp\/v2\/media\/143094"}],"wp:attachment":[{"href":"https:\/\/www.aib.media\/index.php?rest_route=%2Fwp%2Fv2%2Fmedia&parent=143093"}],"wp:term":[{"taxonomy":"category","embeddable":true,"href":"https:\/\/www.aib.media\/index.php?rest_route=%2Fwp%2Fv2%2Fcategories&post=143093"},{"taxonomy":"post_tag","embeddable":true,"href":"https:\/\/www.aib.media\/index.php?rest_route=%2Fwp%2Fv2%2Ftags&post=143093"}],"curies":[{"name":"wp","href":"https:\/\/api.w.org\/{rel}","templated":true}]}}