{"id":143087,"date":"2026-03-13T14:38:05","date_gmt":"2026-03-13T14:38:05","guid":{"rendered":"https:\/\/www.aib.media\/?p=143087"},"modified":"2026-03-13T14:38:05","modified_gmt":"2026-03-13T14:38:05","slug":"tuy-les-eleves-du-lycee-departemental-de-koti-valorisent-les-richesses-culturelles-et-les-traditions-locales","status":"publish","type":"post","link":"https:\/\/www.aib.media\/?p=143087","title":{"rendered":"Tuy : Les \u00e9l\u00e8ves du lyc\u00e9e d\u00e9partemental de Koti valorisent les richesses culturelles et les traditions locales"},"content":{"rendered":"<p><strong>Tuy : Les \u00e9l\u00e8ves du lyc\u00e9e d\u00e9partemental de Koti valorisent les richesses culturelles et les traditions locales<\/strong><\/p>\n<p><strong>Koti, 12 mars 2026 (AIB)-Le Lyc\u00e9e d\u00e9partemental de Koti, dans la province du Tuy, a organis\u00e9, le mardi 10 mars 2026, une journ\u00e9e traditionnelle au cours de laquelle les \u00e9l\u00e8ves ont d\u00e9montr\u00e9 leur savoir-faire culturel et culinaire au sein de l\u2019\u00e9tablissement.<\/strong><\/p>\n<p>\u00c0 travers des concours de d\u00e9fil\u00e9 en tenue traditionnelle et d\u2019art culinaire, les apprenants du lyc\u00e9e ont mis en valeur les richesses culturelles et les traditions locales.<\/p>\n<p>Dans la cat\u00e9gorie art culinaire, les candidats ont pr\u00e9sent\u00e9 notamment une boisson, un plat l\u00e9ger, un plat principal et un dessert. Les laur\u00e9ats de chaque cat\u00e9gorie ont \u00e9t\u00e9 r\u00e9compens\u00e9s.<\/p>\n<p>Dans la cat\u00e9gorie d\u00e9fil\u00e9 en tenue traditionnelle, les meilleures prestations ont \u00e9galement re\u00e7u des r\u00e9compenses.<\/p>\n<p>La c\u00e9r\u00e9monie a \u00e9t\u00e9 marqu\u00e9e par la pr\u00e9sence du pr\u00e9sident de la d\u00e9l\u00e9gation sp\u00e9ciale communale, Lassinan Dierma, de plusieurs autres personnalit\u00e9s ainsi que des acteurs du lyc\u00e9e.<\/p>\n<p>Le proviseur du lyc\u00e9e, Alassane Lengani, s\u2019est r\u00e9joui du bon d\u00e9roulement de l\u2019activit\u00e9 et a remerci\u00e9 l\u2019ensemble des acteurs ayant contribu\u00e9 \u00e0 sa r\u00e9ussite.<\/p>\n<p>\u00ab Cette journ\u00e9e a \u00e9t\u00e9 une r\u00e9ussite totale gr\u00e2ce \u00e0 la participation de tous les acteurs : les \u00e9l\u00e8ves, les parents et les partenaires, qui ont permis de r\u00e9compenser certaines classes qui se sont distingu\u00e9es par leur savoir-faire \u00bb, a-t-il indiqu\u00e9.<\/p>\n<p style=\"text-align: right\">\n<strong>Agence d\u2019Information du Burkina<\/strong><br \/>\n<strong>SN\/BEB<\/strong><\/p>\n","protected":false},"excerpt":{"rendered":"<p>Tuy : Les \u00e9l\u00e8ves du lyc\u00e9e d\u00e9partemental de Koti valorisent les richesses culturelles et les traditions locales Koti, 12 mars 2026 (AIB)-Le Lyc\u00e9e d\u00e9partemental de Koti, dans la province du Tuy, a organis\u00e9, le mardi 10 mars 2026, une journ\u00e9e traditionnelle au cours de laquelle les \u00e9l\u00e8ves ont d\u00e9montr\u00e9 leur savoir-faire culturel et culinaire au [&hellip;]<\/p>\n","protected":false},"author":15,"featured_media":143088,"comment_status":"open","ping_status":"open","sticky":false,"template":"","format":"standard","meta":{"advanced_seo_description":"","jetpack_seo_html_title":"","jetpack_seo_noindex":false,"jetpack_post_was_ever_published":false,"footnotes":""},"categories":[173,93,203,123],"tags":[],"class_list":{"0":"post-143087","1":"post","2":"type-post","3":"status-publish","4":"format-standard","5":"has-post-thumbnail","7":"category-depeches","8":"category-flashinfos","9":"category-la-une-aib","10":"category-tuy"},"jetpack_featured_media_url":"https:\/\/i0.wp.com\/www.aib.media\/wp-content\/uploads\/2026\/03\/IMG-20260313-WA00161.jpg?fit=406%2C469&ssl=1","jetpack_shortlink":"https:\/\/wp.me\/pavbHe-BdR","_links":{"self":[{"href":"https:\/\/www.aib.media\/index.php?rest_route=\/wp\/v2\/posts\/143087","targetHints":{"allow":["GET"]}}],"collection":[{"href":"https:\/\/www.aib.media\/index.php?rest_route=\/wp\/v2\/posts"}],"about":[{"href":"https:\/\/www.aib.media\/index.php?rest_route=\/wp\/v2\/types\/post"}],"author":[{"embeddable":true,"href":"https:\/\/www.aib.media\/index.php?rest_route=\/wp\/v2\/users\/15"}],"replies":[{"embeddable":true,"href":"https:\/\/www.aib.media\/index.php?rest_route=%2Fwp%2Fv2%2Fcomments&post=143087"}],"version-history":[{"count":1,"href":"https:\/\/www.aib.media\/index.php?rest_route=\/wp\/v2\/posts\/143087\/revisions"}],"predecessor-version":[{"id":143089,"href":"https:\/\/www.aib.media\/index.php?rest_route=\/wp\/v2\/posts\/143087\/revisions\/143089"}],"wp:featuredmedia":[{"embeddable":true,"href":"https:\/\/www.aib.media\/index.php?rest_route=\/wp\/v2\/media\/143088"}],"wp:attachment":[{"href":"https:\/\/www.aib.media\/index.php?rest_route=%2Fwp%2Fv2%2Fmedia&parent=143087"}],"wp:term":[{"taxonomy":"category","embeddable":true,"href":"https:\/\/www.aib.media\/index.php?rest_route=%2Fwp%2Fv2%2Fcategories&post=143087"},{"taxonomy":"post_tag","embeddable":true,"href":"https:\/\/www.aib.media\/index.php?rest_route=%2Fwp%2Fv2%2Ftags&post=143087"}],"curies":[{"name":"wp","href":"https:\/\/api.w.org\/{rel}","templated":true}]}}