{"id":143084,"date":"2026-03-13T14:36:02","date_gmt":"2026-03-13T14:36:02","guid":{"rendered":"https:\/\/www.aib.media\/?p=143084"},"modified":"2026-03-13T14:36:02","modified_gmt":"2026-03-13T14:36:02","slug":"poni-lancement-de-la-coupe-du-proviseur-au-lycee-departemental-de-perigban","status":"publish","type":"post","link":"https:\/\/www.aib.media\/?p=143084","title":{"rendered":"Poni : Lancement de la coupe du proviseur au lyc\u00e9e d\u00e9partemental de P\u00e9rigban"},"content":{"rendered":"<p style=\"text-align: left\"><strong>Poni : Lancement de la coupe du proviseur au lyc\u00e9e d\u00e9partemental de P\u00e9rigban<\/strong><\/p>\n<p style=\"text-align: left\"><strong>P\u00e9rigban, 12 mars 2026 (AIB)-Le lyc\u00e9e d\u00e9partemental de P\u00e9rigban a proc\u00e9d\u00e9, dans l\u2019apr\u00e8s-midi du mercredi 11 mars 2026, au lancement officiel de son tournoi de football interclasses d\u00e9nomm\u00e9 \u00ab Coupe du proviseur \u00bb, en pr\u00e9sence du personnel administratif, enseignant et \u00e9ducatif, ainsi que de nombreux \u00e9l\u00e8ves passionn\u00e9s du ballon rond.<\/strong><\/p>\n<p>Le coup d\u2019envoi de cette comp\u00e9tition sportive a \u00e9t\u00e9 donn\u00e9 \u00e0 16 h 30 par le proviseur de l\u2019\u00e9tablissement, Adama Traor\u00e9, devant une communaut\u00e9 \u00e9ducative fortement mobilis\u00e9e autour de cette activit\u00e9 visant \u00e0 promouvoir l\u2019esprit d\u2019\u00e9quipe et la coh\u00e9sion entre les \u00e9l\u00e8ves.<\/p>\n<p>Le match d\u2019ouverture a oppos\u00e9 la classe de 6e \u00e0 celle de 5e dans une rencontre tr\u00e8s disput\u00e9e et suivie avec enthousiasme par les \u00e9l\u00e8ves supporters. Au terme du temps r\u00e9glementaire, la classe de 5e s\u2019est impos\u00e9e face \u00e0 celle de 6e sur le score de 2 buts \u00e0 1.<\/p>\n<p>\u00c0 cette occasion, le proviseur, M. Adama Traor\u00e9, a salu\u00e9 l\u2019initiative de cette comp\u00e9tition sportive qui, selon lui, contribue \u00e0 renforcer les valeurs \u00e9ducatives au sein de l\u2019\u00e9tablissement. Il a indiqu\u00e9 que le football demeure un facteur important de coh\u00e9sion sociale, de discipline et de fraternit\u00e9 entre les apprenants.<\/p>\n<p>Ce tournoi interclasses, tr\u00e8s attendu par les \u00e9l\u00e8ves, se d\u00e9roulera sur plusieurs rencontres et vise \u00e0 offrir un cadre d\u2019expression sportive et de saine \u00e9mulation \u00e0 l\u2019ensemble de la communaut\u00e9 scolaire du Lyc\u00e9e d\u00e9partemental de P\u00e9rigban.<\/p>\n<p style=\"text-align: right\">\n<strong>Agence d\u2019Information du Burkina<\/strong><br \/>\n<strong>HN\/ata<\/strong><\/p>\n","protected":false},"excerpt":{"rendered":"<p>Poni : Lancement de la coupe du proviseur au lyc\u00e9e d\u00e9partemental de P\u00e9rigban P\u00e9rigban, 12 mars 2026 (AIB)-Le lyc\u00e9e d\u00e9partemental de P\u00e9rigban a proc\u00e9d\u00e9, dans l\u2019apr\u00e8s-midi du mercredi 11 mars 2026, au lancement officiel de son tournoi de football interclasses d\u00e9nomm\u00e9 \u00ab Coupe du proviseur \u00bb, en pr\u00e9sence du personnel administratif, enseignant et \u00e9ducatif, ainsi [&hellip;]<\/p>\n","protected":false},"author":15,"featured_media":143085,"comment_status":"open","ping_status":"open","sticky":false,"template":"","format":"standard","meta":{"advanced_seo_description":"","jetpack_seo_html_title":"","jetpack_seo_noindex":false,"jetpack_post_was_ever_published":false,"footnotes":""},"categories":[173,93,203,138],"tags":[],"class_list":{"0":"post-143084","1":"post","2":"type-post","3":"status-publish","4":"format-standard","5":"has-post-thumbnail","7":"category-depeches","8":"category-flashinfos","9":"category-la-une-aib","10":"category-poni"},"jetpack_featured_media_url":"https:\/\/i0.wp.com\/www.aib.media\/wp-content\/uploads\/2026\/03\/IMG-20260313-WA00111.jpg?fit=408%2C211&ssl=1","jetpack_shortlink":"https:\/\/wp.me\/pavbHe-BdO","_links":{"self":[{"href":"https:\/\/www.aib.media\/index.php?rest_route=\/wp\/v2\/posts\/143084","targetHints":{"allow":["GET"]}}],"collection":[{"href":"https:\/\/www.aib.media\/index.php?rest_route=\/wp\/v2\/posts"}],"about":[{"href":"https:\/\/www.aib.media\/index.php?rest_route=\/wp\/v2\/types\/post"}],"author":[{"embeddable":true,"href":"https:\/\/www.aib.media\/index.php?rest_route=\/wp\/v2\/users\/15"}],"replies":[{"embeddable":true,"href":"https:\/\/www.aib.media\/index.php?rest_route=%2Fwp%2Fv2%2Fcomments&post=143084"}],"version-history":[{"count":1,"href":"https:\/\/www.aib.media\/index.php?rest_route=\/wp\/v2\/posts\/143084\/revisions"}],"predecessor-version":[{"id":143086,"href":"https:\/\/www.aib.media\/index.php?rest_route=\/wp\/v2\/posts\/143084\/revisions\/143086"}],"wp:featuredmedia":[{"embeddable":true,"href":"https:\/\/www.aib.media\/index.php?rest_route=\/wp\/v2\/media\/143085"}],"wp:attachment":[{"href":"https:\/\/www.aib.media\/index.php?rest_route=%2Fwp%2Fv2%2Fmedia&parent=143084"}],"wp:term":[{"taxonomy":"category","embeddable":true,"href":"https:\/\/www.aib.media\/index.php?rest_route=%2Fwp%2Fv2%2Fcategories&post=143084"},{"taxonomy":"post_tag","embeddable":true,"href":"https:\/\/www.aib.media\/index.php?rest_route=%2Fwp%2Fv2%2Ftags&post=143084"}],"curies":[{"name":"wp","href":"https:\/\/api.w.org\/{rel}","templated":true}]}}