{"id":143078,"date":"2026-03-13T14:20:04","date_gmt":"2026-03-13T14:20:04","guid":{"rendered":"https:\/\/www.aib.media\/?p=143078"},"modified":"2026-03-13T14:20:04","modified_gmt":"2026-03-13T14:20:04","slug":"kourittenga-le-vivre-ensemble-entre-population-et-fds-renforce-autour-dune-rupture-collective","status":"publish","type":"post","link":"https:\/\/www.aib.media\/?p=143078","title":{"rendered":"Kourittenga : Le vivre-ensemble entre population et FDS renforc\u00e9 autour d\u2019une rupture collective"},"content":{"rendered":"<p>BURKINA-KOURITTENGA-JEUNE-MUSULMAN-RUPTURE-COLLECTIVE<\/p>\n<p><strong>Kourittenga : Le vivre-ensemble entre population et FDS renforc\u00e9 autour d\u2019une rupture collective<\/strong><\/p>\n<p><strong>Koup\u00e9la, 12 mars 2026 (AIB)-La direction provinciale de la police nationale du Kourittenga, a accueilli, dans la soir\u00e9e du jeudi 12 mars 2026, la c\u00e9r\u00e9monie de rupture collective du je\u00fbne, organis\u00e9e par les Forces de d\u00e9fense et de s\u00e9curit\u00e9 (FDS) du Kourittenga. Cette communion et de fraternit\u00e9, a connu la pr\u00e9sence du Haut-commissaire, des autorit\u00e9s coutumi\u00e8res, des leaders religieux, des FDS et des fid\u00e8les issus de diff\u00e9rentes confessions religieuses ainsi que des autorit\u00e9s administratives.<\/strong><\/p>\n<p>Les participants \u00e0 cette c\u00e9r\u00e9monie de rupture collective du je\u00fbne ont su pr\u00eater une oreille attentive aux allocutions des autorit\u00e9s administratives, coutumi\u00e8res et les leaders religieux des diff\u00e9rentes confessions.<\/p>\n<p>Chacun a soulign\u00e9 la n\u00e9cessit\u00e9 de ces moments pour le renforcement du vivre-ensemble et de la coh\u00e9sion sociale.<\/p>\n<p>Le directeur provincial de la police nationale du Kourittenga, Bienvenu Ouarm\u00e9, a salu\u00e9 la pr\u00e9sence des autorit\u00e9s et les invit\u00e9s, qui selon lui, a conf\u00e9r\u00e9 un \u00e9clat particulier \u00e0 la c\u00e9r\u00e9monie.<br \/>\n\u00ab Cela fait la 3\u00e8me c\u00e9r\u00e9monie du genre et cette ann\u00e9e, nous avons bien voulu associer la population pour le renforcement de la coh\u00e9sion sociale. Cela t\u00e9moigne une fois de plus cette coh\u00e9sion entre les populations et les FDS\u00bb, a-t-il fait savoir.<\/p>\n<p>Les leaders religieux issus de diff\u00e9rentes confessions, ont traduit, chacun, sa satisfaction de cette initiative qui est de renforcer, dans un premier temps, le lien de rapprochement et de la coh\u00e9sion, entre FDS et population et d\u2019autre part entre les diff\u00e9rentes communaut\u00e9s religieuses.<br \/>\nPour le repr\u00e9sentant de sa majest\u00e9 Naaba Yemd\u00e9 de Koup\u00e9la, le Napam-boum Naaba, a indiqu\u00e9 que c\u2019est un moment qui contribue \u00e0 renforcer le vivre-ensemble et la coh\u00e9sion entre les diff\u00e9rentes communaut\u00e9s religieuses.<\/p>\n<p>\u00ab Puisse ce temps de je\u00fbne et de p\u00e9nitence, renforce la coh\u00e9sion sociale et nous apporte la paix \u00bb, a conclu sa majest\u00e9 le Napam-boum Naaba.<\/p>\n<p>Le Haut-commissaire de la province du Kourittenga, Moctar Ilboudo, a traduit sa satisfaction de l\u2019organisation de cette activit\u00e9 par les FDS qui, pour lui, est non seulement de permettre le rapprochement entre les diff\u00e9rentes composantes des FDS, mais \u00e9galement entre les diff\u00e9rentes communaut\u00e9s religieuses et aussi entre les FDS et les populations.<br \/>\nLe Haut-commissaire, a invit\u00e9 les diff\u00e9rentes composantes de communaut\u00e9, \u00e0 porter les FDS, les VDP et le Burkina Faso dans leur pri\u00e8re.<\/p>\n<p style=\"text-align: right\">\n<strong>Agence d\u2019information du Burkina<\/strong><br \/>\n<strong>AWS\/HB\/OO<\/strong><\/p>\n","protected":false},"excerpt":{"rendered":"<p>BURKINA-KOURITTENGA-JEUNE-MUSULMAN-RUPTURE-COLLECTIVE Kourittenga : Le vivre-ensemble entre population et FDS renforc\u00e9 autour d\u2019une rupture collective Koup\u00e9la, 12 mars 2026 (AIB)-La direction provinciale de la police nationale du Kourittenga, a accueilli, dans la soir\u00e9e du jeudi 12 mars 2026, la c\u00e9r\u00e9monie de rupture collective du je\u00fbne, organis\u00e9e par les Forces de d\u00e9fense et de s\u00e9curit\u00e9 (FDS) du [&hellip;]<\/p>\n","protected":false},"author":21,"featured_media":143079,"comment_status":"open","ping_status":"open","sticky":false,"template":"","format":"standard","meta":{"advanced_seo_description":"","jetpack_seo_html_title":"","jetpack_seo_noindex":false,"jetpack_post_was_ever_published":false,"footnotes":""},"categories":[45,173,93,105,203,36],"tags":[],"class_list":{"0":"post-143078","1":"post","2":"type-post","3":"status-publish","4":"format-standard","5":"has-post-thumbnail","7":"category-centre-est","8":"category-depeches","9":"category-flashinfos","10":"category-kouritenga","11":"category-la-une-aib","12":"category-societe"},"jetpack_featured_media_url":"https:\/\/i0.wp.com\/www.aib.media\/wp-content\/uploads\/2026\/03\/66-2.jpeg?fit=1040%2C468&ssl=1","jetpack_shortlink":"https:\/\/wp.me\/pavbHe-BdI","_links":{"self":[{"href":"https:\/\/www.aib.media\/index.php?rest_route=\/wp\/v2\/posts\/143078","targetHints":{"allow":["GET"]}}],"collection":[{"href":"https:\/\/www.aib.media\/index.php?rest_route=\/wp\/v2\/posts"}],"about":[{"href":"https:\/\/www.aib.media\/index.php?rest_route=\/wp\/v2\/types\/post"}],"author":[{"embeddable":true,"href":"https:\/\/www.aib.media\/index.php?rest_route=\/wp\/v2\/users\/21"}],"replies":[{"embeddable":true,"href":"https:\/\/www.aib.media\/index.php?rest_route=%2Fwp%2Fv2%2Fcomments&post=143078"}],"version-history":[{"count":1,"href":"https:\/\/www.aib.media\/index.php?rest_route=\/wp\/v2\/posts\/143078\/revisions"}],"predecessor-version":[{"id":143080,"href":"https:\/\/www.aib.media\/index.php?rest_route=\/wp\/v2\/posts\/143078\/revisions\/143080"}],"wp:featuredmedia":[{"embeddable":true,"href":"https:\/\/www.aib.media\/index.php?rest_route=\/wp\/v2\/media\/143079"}],"wp:attachment":[{"href":"https:\/\/www.aib.media\/index.php?rest_route=%2Fwp%2Fv2%2Fmedia&parent=143078"}],"wp:term":[{"taxonomy":"category","embeddable":true,"href":"https:\/\/www.aib.media\/index.php?rest_route=%2Fwp%2Fv2%2Fcategories&post=143078"},{"taxonomy":"post_tag","embeddable":true,"href":"https:\/\/www.aib.media\/index.php?rest_route=%2Fwp%2Fv2%2Ftags&post=143078"}],"curies":[{"name":"wp","href":"https:\/\/api.w.org\/{rel}","templated":true}]}}