{"id":143075,"date":"2026-03-13T14:14:03","date_gmt":"2026-03-13T14:14:03","guid":{"rendered":"https:\/\/www.aib.media\/?p=143075"},"modified":"2026-03-13T14:14:03","modified_gmt":"2026-03-13T14:14:03","slug":"gourma-jean-baptiste-koumbem-veut-consolider-les-acquis-dans-les-secteurs-du-sport-de-la-jeunesse-et-de-lemploi","status":"publish","type":"post","link":"https:\/\/www.aib.media\/?p=143075","title":{"rendered":"Gourma : Jean-Baptiste Koumbem veut consolider les acquis dans les secteurs du sport, de la jeunesse et de l\u2019emploi"},"content":{"rendered":"<p>BURKINA-GOURMA-EMPLOI-INSTALLATION-DIRECTEUR<\/p>\n<p><strong>Gourma : Jean-Baptiste Koumbem veut consolider les acquis dans les secteurs du sport, de la jeunesse et de l\u2019emploi<\/strong><\/p>\n<p><strong>Fada N\u2019Gourma, 13 mars 2026 (AIB)-Le secr\u00e9taire g\u00e9n\u00e9ral de la r\u00e9gion du Goulmou, Siaka Ouattara, a install\u00e9, le vendredi 13 mars 2026 \u00e0 Fada N\u2019Gourma, le nouveau directeur r\u00e9gional des Sports, de l\u2019emploi et de la jeunesse, Jean-Baptiste Koumbem, dans un contexte marqu\u00e9 par la fusion des d\u00e9partements minist\u00e9riels en charge des sports et de la jeunesse. Il a indiqu\u00e9 consolider les acquis dans les secteurs du sport, de la jeunesse et de l\u2019emploi avec l\u2019appui des acteurs.<\/strong><\/p>\n<p>La c\u00e9r\u00e9monie de passation de charges, le vendredi 13 mars 2026 \u00e0 Fada N\u2019Gourma, a r\u00e9uni les autorit\u00e9s administratives, les responsables de services d\u00e9concentr\u00e9s, partenaires techniques ainsi que les agents des structures concern\u00e9es.<br \/>\nLe repr\u00e9sentant du personnel de la direction r\u00e9gionale en charge de l\u2019Emploi et de la Jeunesse du Goulmou, Boubakar Ou\u00e9draogo, a salu\u00e9 le travail accompli par le directeur sorti, Moussa Tassemb\u00e9do, durant son s\u00e9jour \u00e0 la t\u00eate de la structure.<br \/>\nIl a indiqu\u00e9 qu\u2019il a su impulser une dynamique de performance et d\u2019efficacit\u00e9 au sein de l\u2019administration.<\/p>\n<p>Selon M. Ou\u00e9draogo, sous son leadership, plusieurs initiatives ont \u00e9t\u00e9 mises en \u0153uvre au profit des jeunes, notamment le projet de rel\u00e8vement pr\u00e9coce pour la s\u00e9curit\u00e9 alimentaire et nutritionnelle ayant b\u00e9n\u00e9fici\u00e9 \u00e0 120 jeunes et personnes vuln\u00e9rables avec l\u2019appui du Programme alimentaire mondial (PAM).<\/p>\n<p>Le repr\u00e9sentant du personnel, a \u00e9galement \u00e9voqu\u00e9 la mise en \u0153uvre du projet \u00ab Espoir \u00bb, r\u00e9alis\u00e9 avec l\u2019accompagnement de partenaires tels que Tin-Tua au profit de jeunes issus des provinces du Gourma, de la Komondjari et de la Kompienga.<\/p>\n<p>Le directeur r\u00e9gional sortant de l\u2019Emploi et de la Jeunesse, Moussa Tassemb\u00e9do, a exprim\u00e9 sa gratitude aux autorit\u00e9s administratives et \u00e0 ses collaborateurs pour leur accompagnement durant sa mission.<br \/>\n\u00ab Les r\u00e9sultats obtenus durant ces ann\u00e9es sont le fruit d\u2019un travail collectif \u00bb, a-t-il soulign\u00e9, tout en saluant la contribution des organisations de jeunesse et des acteurs de la formation professionnelle qui ont \u0153uvr\u00e9 pour am\u00e9liorer l\u2019employabilit\u00e9 des jeunes dans la r\u00e9gion.<br \/>\nM. Tassemb\u00e9do a \u00e9galement rappel\u00e9 que la r\u00e9forme ayant conduit \u00e0 la fusion des directions en charge des sports et de l\u2019emploi marque une nouvelle \u00e9tape dans l\u2019organisation de l\u2019administration publique.<\/p>\n<p>Il s\u2019est dit convaincu que cette nouvelle dynamique permettra de renforcer l\u2019efficacit\u00e9 des actions en faveur de la jeunesse, du sport et de l\u2019emploi dans la r\u00e9gion.<br \/>\nLe nouveau directeur r\u00e9gional des Sports, de l\u2019Emploi et de la Jeunesse du Goulmou, Jean-Baptiste Koumbem, a d\u2019abord rendu gr\u00e2ce \u00e0 Dieu avant d\u2019exprimer sa reconnaissance aux plus hautes autorit\u00e9s du pays pour la confiance plac\u00e9e en sa personne.<br \/>\nIl a assur\u00e9 qu\u2019avec l\u2019appui de ses collaborateurs et l\u2019accompagnement des diff\u00e9rentes couches sociales, il mettra tout en \u0153uvre pour r\u00e9ussir les missions assign\u00e9es \u00e0 la direction r\u00e9gionale dans cette nouvelle configuration administrative.<\/p>\n<p>\u00ab La r\u00e9gion du Goulmou est d\u00e9j\u00e0 sur une bonne dynamique en mati\u00e8re de sport, de loisirs, de jeunesse et d\u2019emploi. Avec l\u2019appui de tous les acteurs, nous travaillerons \u00e0 consolider ces acquis et \u00e0 relever les d\u00e9fis qui se pr\u00e9sentent \u00bb, a-t-il d\u00e9clar\u00e9.<br \/>\nM. Koumbem a enfin appel\u00e9 les agents de la direction et l\u2019ensemble des partenaires \u00e0 la coh\u00e9sion et \u00e0 l\u2019engagement pour faire du sport, de la jeunesse et de l\u2019emploi des leviers de d\u00e9veloppement et de coh\u00e9sion sociale dans la r\u00e9gion de l\u2019Est.<\/p>\n<p style=\"text-align: right\">\n<strong>Agence d\u2019information du Burkina<\/strong><br \/>\n<strong>KAC\/HB\/OO<\/strong><\/p>\n","protected":false},"excerpt":{"rendered":"<p>BURKINA-GOURMA-EMPLOI-INSTALLATION-DIRECTEUR Gourma : Jean-Baptiste Koumbem veut consolider les acquis dans les secteurs du sport, de la jeunesse et de l\u2019emploi Fada N\u2019Gourma, 13 mars 2026 (AIB)-Le secr\u00e9taire g\u00e9n\u00e9ral de la r\u00e9gion du Goulmou, Siaka Ouattara, a install\u00e9, le vendredi 13 mars 2026 \u00e0 Fada N\u2019Gourma, le nouveau directeur r\u00e9gional des Sports, de l\u2019emploi et de [&hellip;]<\/p>\n","protected":false},"author":21,"featured_media":143076,"comment_status":"open","ping_status":"open","sticky":false,"template":"","format":"standard","meta":{"advanced_seo_description":"","jetpack_seo_html_title":"","jetpack_seo_noindex":false,"jetpack_post_was_ever_published":false,"footnotes":""},"categories":[173,49,93,117,203,39],"tags":[],"class_list":{"0":"post-143075","1":"post","2":"type-post","3":"status-publish","4":"format-standard","5":"has-post-thumbnail","7":"category-depeches","8":"category-est","9":"category-flashinfos","10":"category-gourma","11":"category-la-une-aib","12":"category-sport"},"jetpack_featured_media_url":"https:\/\/i0.wp.com\/www.aib.media\/wp-content\/uploads\/2026\/03\/61-1.jpeg?fit=1120%2C504&ssl=1","jetpack_shortlink":"https:\/\/wp.me\/pavbHe-BdF","_links":{"self":[{"href":"https:\/\/www.aib.media\/index.php?rest_route=\/wp\/v2\/posts\/143075","targetHints":{"allow":["GET"]}}],"collection":[{"href":"https:\/\/www.aib.media\/index.php?rest_route=\/wp\/v2\/posts"}],"about":[{"href":"https:\/\/www.aib.media\/index.php?rest_route=\/wp\/v2\/types\/post"}],"author":[{"embeddable":true,"href":"https:\/\/www.aib.media\/index.php?rest_route=\/wp\/v2\/users\/21"}],"replies":[{"embeddable":true,"href":"https:\/\/www.aib.media\/index.php?rest_route=%2Fwp%2Fv2%2Fcomments&post=143075"}],"version-history":[{"count":1,"href":"https:\/\/www.aib.media\/index.php?rest_route=\/wp\/v2\/posts\/143075\/revisions"}],"predecessor-version":[{"id":143077,"href":"https:\/\/www.aib.media\/index.php?rest_route=\/wp\/v2\/posts\/143075\/revisions\/143077"}],"wp:featuredmedia":[{"embeddable":true,"href":"https:\/\/www.aib.media\/index.php?rest_route=\/wp\/v2\/media\/143076"}],"wp:attachment":[{"href":"https:\/\/www.aib.media\/index.php?rest_route=%2Fwp%2Fv2%2Fmedia&parent=143075"}],"wp:term":[{"taxonomy":"category","embeddable":true,"href":"https:\/\/www.aib.media\/index.php?rest_route=%2Fwp%2Fv2%2Fcategories&post=143075"},{"taxonomy":"post_tag","embeddable":true,"href":"https:\/\/www.aib.media\/index.php?rest_route=%2Fwp%2Fv2%2Ftags&post=143075"}],"curies":[{"name":"wp","href":"https:\/\/api.w.org\/{rel}","templated":true}]}}