{"id":143057,"date":"2026-03-13T13:01:41","date_gmt":"2026-03-13T13:01:41","guid":{"rendered":"https:\/\/www.aib.media\/?p=143057"},"modified":"2026-03-13T13:01:41","modified_gmt":"2026-03-13T13:01:41","slug":"bittou-la-population-du-secteur-1-se","status":"publish","type":"post","link":"https:\/\/www.aib.media\/?p=143057","title":{"rendered":"Bittou : La population du secteur 1 se"},"content":{"rendered":"<p>Burkina\/Bittou-Prevention-Inondations<\/p>\n<p><strong>Bittou : La population du secteur 1 se mobilise pour pr\u00e9venir les inondations<\/strong><\/p>\n<p><strong>Bittou, 11 mars 2026 (AIB) &#8211; Les habitants du secteur 1 ont organis\u00e9, le mercredi 11 mars 2026, une action communautaire pour r\u00e9duire les risques d\u2019inondation sur une route traversant un bas-fond. Arm\u00e9s de pelles et anim\u00e9s par un esprit de solidarit\u00e9, jeunes et personnes \u00e2g\u00e9es ont travaill\u00e9 ensemble pour rendre cette voie praticable avant l\u2019arriv\u00e9e des fortes pluies.<\/strong><\/p>\n<p>T\u00f4t dans la matin\u00e9e, des jeunes, des adultes et des personnes \u00e2g\u00e9es, munis de pelles et d\u2019outils de terrassement, ont pris d\u2019assaut une partie de la route qui traverse un bas-fond situ\u00e9 dans le quartier. Ce passage devient g\u00e9n\u00e9ralement impraticable d\u00e8s les premi\u00e8res pluies, compliquant consid\u00e9rablement les d\u00e9placements des riverains.<\/p>\n<p>L\u2019initiative consiste \u00e0 transporter et \u00e0 d\u00e9verser une importante quantit\u00e9 de terre afin de rehausser les parties les plus basses de la route, souvent submerg\u00e9es apr\u00e8s une pluie. Cette action pr\u00e9ventive vise \u00e0 s\u00e9curiser le passage et \u00e0 \u00e9viter les difficult\u00e9s que rencontrent chaque ann\u00e9e les populations pendant la saison pluie.<\/p>\n<p>Selon l\u2019initiateur de l\u2019activit\u00e9, Saidou Bagagnan, dit Naaba, cette mobilisation communautaire r\u00e9pond \u00e0 un besoin urgent de la population locale.<br \/>\n\u00ab Vous constatez ici qu\u2019il s\u2019agit d\u2019un bas-fond. En saison des pluies, il devient tr\u00e8s difficile de traverser pour aller chez un voisin ou rejoindre une autre partie du quartier \u00bb, a-t-il expliqu\u00e9.<\/p>\n<p>Il a \u00e9galement soulign\u00e9 que la situation repr\u00e9sente un danger particulier pour les enfants, qui ne mesurent pas toujours les risques li\u00e9s \u00e0 la mont\u00e9e des eaux.<br \/>\n\u00ab Les enfants ne connaissent pas forc\u00e9ment les dangers. C\u2019est pourquoi nous avons jug\u00e9 n\u00e9cessaire que la population se mobilise pour pr\u00e9venir les risques qui peuvent survenir \u00bb, a-t-il ajout\u00e9.<\/p>\n<p>M. Bagagnan a salu\u00e9 la forte participation des habitants et remerci\u00e9 l\u2019ensemble de la population du secteur 1 pour leur engagement et leur esprit de solidarit\u00e9.<\/p>\n<p>Cette activit\u00e9 communautaire intervient au lendemain des premi\u00e8res gouttes de pluie tomb\u00e9es dans la nuit du 10 mars 2026 sur la ville de Bittou. Pour les habitants, cette pluie pr\u00e9coce a servi d\u2019alerte et a renforc\u00e9 la d\u00e9termination de la communaut\u00e9 \u00e0 agir rapidement afin d\u2019\u00e9viter les difficult\u00e9s r\u00e9currentes li\u00e9es aux inondations.<\/p>\n<p>\u00c0 travers cette initiative, la population du secteur 1 d\u00e9montre que la solidarit\u00e9 et l\u2019action collective peuvent contribuer efficacement \u00e0 la pr\u00e9vention des risques naturels et \u00e0 l\u2019am\u00e9lioration des conditions de vie des habitants.<\/p>\n<p style=\"text-align: right\"><strong>Agences d&rsquo;information du Burkina <\/strong><br \/>\n<strong>SK-dnk<\/strong><\/p>\n","protected":false},"excerpt":{"rendered":"<p>Burkina\/Bittou-Prevention-Inondations Bittou : La population du secteur 1 se mobilise pour pr\u00e9venir les inondations Bittou, 11 mars 2026 (AIB) &#8211; Les habitants du secteur 1 ont organis\u00e9, le mercredi 11 mars 2026, une action communautaire pour r\u00e9duire les risques d\u2019inondation sur une route traversant un bas-fond. Arm\u00e9s de pelles et anim\u00e9s par un esprit de [&hellip;]<\/p>\n","protected":false},"author":15,"featured_media":143058,"comment_status":"open","ping_status":"open","sticky":false,"template":"","format":"standard","meta":{"advanced_seo_description":"","jetpack_seo_html_title":"","jetpack_seo_noindex":false,"jetpack_post_was_ever_published":false,"footnotes":""},"categories":[103,173,93,203],"tags":[],"class_list":{"0":"post-143057","1":"post","2":"type-post","3":"status-publish","4":"format-standard","5":"has-post-thumbnail","7":"category-boulgou","8":"category-depeches","9":"category-flashinfos","10":"category-la-une-aib"},"jetpack_featured_media_url":"https:\/\/i0.wp.com\/www.aib.media\/wp-content\/uploads\/2026\/03\/IMG-20260313-WA0034.jpg?fit=1020%2C768&ssl=1","jetpack_shortlink":"https:\/\/wp.me\/pavbHe-Bdn","_links":{"self":[{"href":"https:\/\/www.aib.media\/index.php?rest_route=\/wp\/v2\/posts\/143057","targetHints":{"allow":["GET"]}}],"collection":[{"href":"https:\/\/www.aib.media\/index.php?rest_route=\/wp\/v2\/posts"}],"about":[{"href":"https:\/\/www.aib.media\/index.php?rest_route=\/wp\/v2\/types\/post"}],"author":[{"embeddable":true,"href":"https:\/\/www.aib.media\/index.php?rest_route=\/wp\/v2\/users\/15"}],"replies":[{"embeddable":true,"href":"https:\/\/www.aib.media\/index.php?rest_route=%2Fwp%2Fv2%2Fcomments&post=143057"}],"version-history":[{"count":1,"href":"https:\/\/www.aib.media\/index.php?rest_route=\/wp\/v2\/posts\/143057\/revisions"}],"predecessor-version":[{"id":143059,"href":"https:\/\/www.aib.media\/index.php?rest_route=\/wp\/v2\/posts\/143057\/revisions\/143059"}],"wp:featuredmedia":[{"embeddable":true,"href":"https:\/\/www.aib.media\/index.php?rest_route=\/wp\/v2\/media\/143058"}],"wp:attachment":[{"href":"https:\/\/www.aib.media\/index.php?rest_route=%2Fwp%2Fv2%2Fmedia&parent=143057"}],"wp:term":[{"taxonomy":"category","embeddable":true,"href":"https:\/\/www.aib.media\/index.php?rest_route=%2Fwp%2Fv2%2Fcategories&post=143057"},{"taxonomy":"post_tag","embeddable":true,"href":"https:\/\/www.aib.media\/index.php?rest_route=%2Fwp%2Fv2%2Ftags&post=143057"}],"curies":[{"name":"wp","href":"https:\/\/api.w.org\/{rel}","templated":true}]}}