{"id":143049,"date":"2026-03-13T08:52:17","date_gmt":"2026-03-13T08:52:17","guid":{"rendered":"https:\/\/www.aib.media\/?p=143049"},"modified":"2026-03-13T08:52:17","modified_gmt":"2026-03-13T08:52:17","slug":"zambo-montee-des-couleurs-les-forces-vives-reaffirment-leur-attachement-a-la-nation","status":"publish","type":"post","link":"https:\/\/www.aib.media\/?p=143049","title":{"rendered":"Zambo\/Mont\u00e9e des couleurs : Les Forces vives r\u00e9affirment leur attachement \u00e0 la nation"},"content":{"rendered":"<p>Burkina-Ioba-Civisme<\/p>\n<p><strong>Zambo\/Mont\u00e9e des couleurs : Les Forces vives r\u00e9affirment leur attachement \u00e0 la nation<\/strong><\/p>\n<p><strong>Zambo, 12 mars 2026 (AIB) \u2013 La mairie de la commune de Zambo a abrit\u00e9 le jeudi 6 mars dernier, la c\u00e9r\u00e9monie mensuelle de mont\u00e9e des couleurs nationales pr\u00e9sid\u00e9e par le Pr\u00e9sident de la d\u00e9l\u00e9gation sp\u00e9ciale (PDS), Tass\u00e9r\u00e9 Badini.<\/strong><\/p>\n<p>Cette c\u00e9r\u00e9monie a connu une forte mobilisation des autorit\u00e9s administratives, des forces de d\u00e9fense et de s\u00e9curit\u00e9 (FDS) et des forces vives de la localit\u00e9.<\/p>\n<p>Entonnant le Ditany\u00e8 en ch\u0153ur, les participants ont proc\u00e9d\u00e9 \u00e0 la mont\u00e9e du drapeau national. Ils ont r\u00e9affirm\u00e9 ainsi leur fiert\u00e9 et leur attachement aux id\u00e9aux de la nation et au respect des institutions.<br \/>\nA cette occasion, le PDS, Tass\u00e9r\u00e9 Badini a rappel\u00e9 aux filles et fils de Zambo la n\u00e9cessit\u00e9 de s\u2019impliquer davantage dans le d\u00e9veloppement de la commune. \u00ab La participation citoyenne doit se traduire notamment par l\u2019engagement dans les actions communautaires, le paiement des taxes et redevances, la protection de l\u2019environnement et la lutte contre l\u2019incivisme et toutes les pratiques nuisibles au bien-\u00eatre collectif \u00bb, a-t-il expliqu\u00e9.<\/p>\n<p>M. Badini a, par ailleurs, exhort\u00e9 les contribuables de la commune \u00e0 s\u2019acquitter de leurs taxes au plus tard le 31 mars 2026. Il a \u00e9galement salu\u00e9 les efforts des plus hautes autorit\u00e9s du pays en mati\u00e8re de r\u00e9formes administratives telles que l\u2019adoption de la loi n\u00b0024\/ALT portant Code g\u00e9n\u00e9ral des collectivit\u00e9s territoriales ainsi que la loi relative \u00e0 la chefferie traditionnelle.<\/p>\n<p>Selon lui, ces r\u00e9formes devraient insuffler une nouvelle dynamique \u00e0 la gouvernance institutionnelle et au d\u00e9veloppement local. \u00ab Je souhaite que cette c\u00e9r\u00e9monie de mont\u00e9e des couleurs ravive chez chaque citoyen la flamme du patriotisme et renforce l\u2019engagement collectif pour un Burkina Faso fort, uni et prosp\u00e8re \u00bb, a-t-il conclu.<\/p>\n<p style=\"text-align: right\">\n<strong>Agence d\u2019Information du Burkina <\/strong><br \/>\n<strong>CZ\/sz-dnk<\/strong><\/p>\n","protected":false},"excerpt":{"rendered":"<p>Burkina-Ioba-Civisme Zambo\/Mont\u00e9e des couleurs : Les Forces vives r\u00e9affirment leur attachement \u00e0 la nation Zambo, 12 mars 2026 (AIB) \u2013 La mairie de la commune de Zambo a abrit\u00e9 le jeudi 6 mars dernier, la c\u00e9r\u00e9monie mensuelle de mont\u00e9e des couleurs nationales pr\u00e9sid\u00e9e par le Pr\u00e9sident de la d\u00e9l\u00e9gation sp\u00e9ciale (PDS), Tass\u00e9r\u00e9 Badini. Cette c\u00e9r\u00e9monie [&hellip;]<\/p>\n","protected":false},"author":15,"featured_media":143050,"comment_status":"open","ping_status":"open","sticky":false,"template":"","format":"standard","meta":{"advanced_seo_description":"","jetpack_seo_html_title":"","jetpack_seo_noindex":false,"jetpack_post_was_ever_published":false,"footnotes":""},"categories":[173,93,136,203],"tags":[],"class_list":{"0":"post-143049","1":"post","2":"type-post","3":"status-publish","4":"format-standard","5":"has-post-thumbnail","7":"category-depeches","8":"category-flashinfos","9":"category-ioba","10":"category-la-une-aib"},"jetpack_featured_media_url":"https:\/\/i0.wp.com\/www.aib.media\/wp-content\/uploads\/2026\/03\/IMG-20260312-WA0201.jpg?fit=984%2C432&ssl=1","jetpack_shortlink":"https:\/\/wp.me\/pavbHe-Bdf","_links":{"self":[{"href":"https:\/\/www.aib.media\/index.php?rest_route=\/wp\/v2\/posts\/143049","targetHints":{"allow":["GET"]}}],"collection":[{"href":"https:\/\/www.aib.media\/index.php?rest_route=\/wp\/v2\/posts"}],"about":[{"href":"https:\/\/www.aib.media\/index.php?rest_route=\/wp\/v2\/types\/post"}],"author":[{"embeddable":true,"href":"https:\/\/www.aib.media\/index.php?rest_route=\/wp\/v2\/users\/15"}],"replies":[{"embeddable":true,"href":"https:\/\/www.aib.media\/index.php?rest_route=%2Fwp%2Fv2%2Fcomments&post=143049"}],"version-history":[{"count":2,"href":"https:\/\/www.aib.media\/index.php?rest_route=\/wp\/v2\/posts\/143049\/revisions"}],"predecessor-version":[{"id":143061,"href":"https:\/\/www.aib.media\/index.php?rest_route=\/wp\/v2\/posts\/143049\/revisions\/143061"}],"wp:featuredmedia":[{"embeddable":true,"href":"https:\/\/www.aib.media\/index.php?rest_route=\/wp\/v2\/media\/143050"}],"wp:attachment":[{"href":"https:\/\/www.aib.media\/index.php?rest_route=%2Fwp%2Fv2%2Fmedia&parent=143049"}],"wp:term":[{"taxonomy":"category","embeddable":true,"href":"https:\/\/www.aib.media\/index.php?rest_route=%2Fwp%2Fv2%2Fcategories&post=143049"},{"taxonomy":"post_tag","embeddable":true,"href":"https:\/\/www.aib.media\/index.php?rest_route=%2Fwp%2Fv2%2Ftags&post=143049"}],"curies":[{"name":"wp","href":"https:\/\/api.w.org\/{rel}","templated":true}]}}