{"id":143039,"date":"2026-03-12T18:41:56","date_gmt":"2026-03-12T18:41:56","guid":{"rendered":"https:\/\/www.aib.media\/?p=143039"},"modified":"2026-03-12T18:41:56","modified_gmt":"2026-03-12T18:41:56","slug":"comoe-9e-edition-du-festival-niangoloko-en-fete-le-comite-dorganisation-devoile-les-grandes-orientations","status":"publish","type":"post","link":"https:\/\/www.aib.media\/?p=143039","title":{"rendered":"Como\u00e9 \/ 9e \u00e9dition du Festival Niangoloko en f\u00eate : Le comit\u00e9 d\u2019organisation d\u00e9voile les grandes orientations"},"content":{"rendered":"<p>Burkina\u2013Como\u00e9\u2013Culture\u2013Festival<\/p>\n<p><strong>Como\u00e9 \/ 9e \u00e9dition du Festival Niangoloko en f\u00eate : Le comit\u00e9 d\u2019organisation d\u00e9voile les grandes orientations<\/strong><\/p>\n<p><strong>Niangoloko, 12 mars 2026 (AIB) \u2013 Le comit\u00e9 d\u2019organisation du Festival Niangoloko en f\u00eate (CONEF) a anim\u00e9, ce jeudi 12 mars 2026, une conf\u00e9rence de presse sur le site du festival, situ\u00e9 au secteur n\u00b05 de Niangoloko, afin de pr\u00e9senter les grandes orientations de la 9e \u00e9dition, pr\u00e9vue du 26 au 29 mars 2026, sous le th\u00e8me : \u00ab Culture, jeunesse et engagement patriotique \u00bb.<\/strong><\/p>\n<p>Selon le commissaire g\u00e9n\u00e9ral du festival, Kassoum David Kon\u00e9, cette \u00e9dition se veut celle de la maturit\u00e9, apr\u00e8s dix ann\u00e9es d\u2019existence de l\u2019\u00e9v\u00e8nement. Il a indiqu\u00e9 que plusieurs milliers de festivaliers sont attendus \u00e0 Niangoloko durant les quatre jours d\u2019activit\u00e9s.<\/p>\n<p>Le coordonnateur g\u00e9n\u00e9ral du festival, Koudiaba Victorien Soma, a pr\u00e9cis\u00e9 que le plateau artistique accueillera plus d\u2019une soixantaine d\u2019artistes et de troupes traditionnelles, parmi lesquels Privat, Adji Ka Dj\u00e9n\u00e9ba et Iba Montana. La c\u00e9r\u00e9monie de cl\u00f4ture sera assur\u00e9e par la grande diva de la musique mandingue, Oumou Sangar\u00e9.<\/p>\n<p>Plusieurs activit\u00e9s sont au programme de cet \u00e9v\u00e8nement culturel. Il s\u2019agit notamment d\u2019un plateau artistique, d\u2019une comp\u00e9tition de football maracana d\u00e9nomm\u00e9e \u00ab Morif\u00e9r\u00e9 Soumahoro \u00bb, d\u2019une comp\u00e9tition de p\u00e9tanque, d\u2019un espace d\u00e9di\u00e9 aux enfants, d\u2019une rue marchande ainsi que d\u2019espaces maquis et restaurants.<\/p>\n<p>Le commissaire g\u00e9n\u00e9ral du festival a \u00e9galement r\u00e9v\u00e9l\u00e9 que le budget de cette 9e \u00e9dition est estim\u00e9 \u00e0 32 millions de francs CFA. Il a toutefois pr\u00e9cis\u00e9 que ce budget n\u2019est pas encore enti\u00e8rement mobilis\u00e9, invitant \u00e0 cet effet les filles et fils de Niangoloko ainsi que les partenaires \u00e0 apporter leur soutien pour la r\u00e9ussite de l\u2019\u00e9v\u00e9nement.<\/p>\n<p>La conf\u00e9rence de presse s\u2019est achev\u00e9e par une s\u00e9ance d\u2019\u00e9changes avec les journalistes sur l\u2019\u00e9tat d\u2019avancement des pr\u00e9paratifs.<\/p>\n<p style=\"text-align: right\"><strong>Agence d\u2019information du Burkina<\/strong><br \/>\n<strong>BBH\/no\/ata<\/strong><\/p>\n","protected":false},"excerpt":{"rendered":"<p>Burkina\u2013Como\u00e9\u2013Culture\u2013Festival Como\u00e9 \/ 9e \u00e9dition du Festival Niangoloko en f\u00eate : Le comit\u00e9 d\u2019organisation d\u00e9voile les grandes orientations Niangoloko, 12 mars 2026 (AIB) \u2013 Le comit\u00e9 d\u2019organisation du Festival Niangoloko en f\u00eate (CONEF) a anim\u00e9, ce jeudi 12 mars 2026, une conf\u00e9rence de presse sur le site du festival, situ\u00e9 au secteur n\u00b05 de Niangoloko, [&hellip;]<\/p>\n","protected":false},"author":21,"featured_media":143040,"comment_status":"open","ping_status":"open","sticky":false,"template":"","format":"standard","meta":{"advanced_seo_description":"","jetpack_seo_html_title":"","jetpack_seo_noindex":false,"jetpack_post_was_ever_published":false,"footnotes":""},"categories":[44,100,60,173,93,203,36],"tags":[],"class_list":{"0":"post-143039","1":"post","2":"type-post","3":"status-publish","4":"format-standard","5":"has-post-thumbnail","7":"category-cascade","8":"category-comoe","9":"category-culture","10":"category-depeches","11":"category-flashinfos","12":"category-la-une-aib","13":"category-societe"},"jetpack_featured_media_url":"https:\/\/i0.wp.com\/www.aib.media\/wp-content\/uploads\/2026\/03\/52-1.jpeg?fit=1280%2C960&ssl=1","jetpack_shortlink":"https:\/\/wp.me\/pavbHe-Bd5","_links":{"self":[{"href":"https:\/\/www.aib.media\/index.php?rest_route=\/wp\/v2\/posts\/143039","targetHints":{"allow":["GET"]}}],"collection":[{"href":"https:\/\/www.aib.media\/index.php?rest_route=\/wp\/v2\/posts"}],"about":[{"href":"https:\/\/www.aib.media\/index.php?rest_route=\/wp\/v2\/types\/post"}],"author":[{"embeddable":true,"href":"https:\/\/www.aib.media\/index.php?rest_route=\/wp\/v2\/users\/21"}],"replies":[{"embeddable":true,"href":"https:\/\/www.aib.media\/index.php?rest_route=%2Fwp%2Fv2%2Fcomments&post=143039"}],"version-history":[{"count":1,"href":"https:\/\/www.aib.media\/index.php?rest_route=\/wp\/v2\/posts\/143039\/revisions"}],"predecessor-version":[{"id":143041,"href":"https:\/\/www.aib.media\/index.php?rest_route=\/wp\/v2\/posts\/143039\/revisions\/143041"}],"wp:featuredmedia":[{"embeddable":true,"href":"https:\/\/www.aib.media\/index.php?rest_route=\/wp\/v2\/media\/143040"}],"wp:attachment":[{"href":"https:\/\/www.aib.media\/index.php?rest_route=%2Fwp%2Fv2%2Fmedia&parent=143039"}],"wp:term":[{"taxonomy":"category","embeddable":true,"href":"https:\/\/www.aib.media\/index.php?rest_route=%2Fwp%2Fv2%2Fcategories&post=143039"},{"taxonomy":"post_tag","embeddable":true,"href":"https:\/\/www.aib.media\/index.php?rest_route=%2Fwp%2Fv2%2Ftags&post=143039"}],"curies":[{"name":"wp","href":"https:\/\/api.w.org\/{rel}","templated":true}]}}