{"id":143033,"date":"2026-03-12T17:35:12","date_gmt":"2026-03-12T17:35:12","guid":{"rendered":"https:\/\/www.aib.media\/?p=143033"},"modified":"2026-03-12T17:35:12","modified_gmt":"2026-03-12T17:35:12","slug":"pedale-de-la-resilience-et-de-la-paix-plus-de-90-coureurs-attendus-a-la-3e-edition-sur-lavenue-thomas-sankara-le-15-mars-prochain","status":"publish","type":"post","link":"https:\/\/www.aib.media\/?p=143033","title":{"rendered":"P\u00e9dale de la r\u00e9silience et de la paix : plus de 90 coureurs attendus \u00e0 la 3e \u00e9dition sur l\u2019Avenue Thomas Sankara le 15 mars prochain"},"content":{"rendered":"<p>CYCLISME-BFA-SPORT-GRAND-PRIX-RESILIENCE-PAIX<\/p>\n<p><strong>P\u00e9dale de la r\u00e9silience et de la paix : plus de 90 coureurs attendus \u00e0 la 3e \u00e9dition sur l\u2019Avenue Thomas Sankara le 15 mars prochain<\/strong><\/p>\n<p><strong>Ouagadougou, 12 mars 2026 (AIB)-Le top de d\u00e9part du 3e Grand prix cycliste d\u00e9nomm\u00e9 \u00ab P\u00e9dale de la r\u00e9silience et de la paix \u00bb (dames et hommes) sera donn\u00e9 le dimanche 15 mars prochain sur l\u2019Avenue Thomas Sankara avec plus de 90 concurrents sur la ligne de d\u00e9part, ont annonc\u00e9 jeudi, les organisateurs de la course au cours d\u2019une conf\u00e9rence de presse.<\/strong><\/p>\n<p>&nbsp;<\/p>\n<p>\u00ab Inscrit au calendrier de la f\u00e9d\u00e9ration burkinab\u00e9 de cycliste le Grand Prix Iamgold Essakane, est consid\u00e9r\u00e9 comme un rendez-vous majeur de la petite reine, apr\u00e8s l\u2019ouverture officielle de la saison sportive, qui a eu lieu il y\u2019a environ un mois. Sur le plan sportif, cette P\u00e9dale de la R\u00e9silience et de la Paix est un v\u00e9ritable barom\u00e8tre pour jauger le niveau de pr\u00e9paration des clubs \u00bb, a d\u00e9clar\u00e9 le manager g\u00e9n\u00e9ral de la comp\u00e9tition, Gustave Taro.<\/p>\n<p>&nbsp;<\/p>\n<p>Il a donc annonc\u00e9 que \u00ab la troisi\u00e8me \u00e9dition se tiendra ce dimanche 15 mars 2026, date retenue de commun accord avec la f\u00e9d\u00e9ration burkinab\u00e9 de cyclisme et le partenaire exclusif de cette comp\u00e9tition \u00bb.<\/p>\n<p>&nbsp;<\/p>\n<p>Les \u00e9quipes participantes viendront des 4 coins du Burkina Faso et pourraient atteindre \u00ab 98 coureurs \u00bb sur la ligne de d\u00e9part chez les hommes. Les coureurs parcourront un circuit ferm\u00e9 de 5,1km fois 25, soit une distance totale de 127,5km. En plus du troph\u00e9e et du maillot jaune, le vainqueur empochera la somme de 500 000FCFA.<\/p>\n<p>&nbsp;<\/p>\n<p>Les dames parcourront le m\u00eame circuit six fois, soit une distance de course de 30,100km. La championne remportera le troph\u00e9e, le maillot jaune et la somme de 200 000FCFA.<\/p>\n<p>&nbsp;<\/p>\n<p>Un d\u00e9part furtif de la comp\u00e9tition, est pr\u00e9vu devant le palais de sa Majest\u00e9 le Moogho Naaba Baongho. Et pour Gustave Taro, cheville ouvri\u00e8re de la comp\u00e9tition, \u00ab les travailleurs de Iamgold Essakane et la f\u00e9d\u00e9ration ont choisi de rendre hommage \u00e0 sa Majest\u00e9 pour tous les efforts qu\u2019il consent, dans la recherche de la Paix et la promotion du vivre ensemble \u00bb.<\/p>\n<p>&nbsp;<\/p>\n<p>Du reste pour cette \u00e9dition, il est institu\u00e9 un prix sp\u00e9cial de sa Majest\u00e9 le Moogho Naaba Baongo, dans les deux sexes et au m\u00eame montant, soit 100 000FCFA en plus de ce que les vainqueurs vont remporter. \u00ab Sa Majest\u00e9 tient \u00e0 ce que les sportifs soient mis en avant dans cette comp\u00e9tition, \u00e9tant donn\u00e9, les efforts consid\u00e9rables qu\u2019ils fournissent pour nous offrir un spectacle de qualit\u00e9 \u00bb, a expliqu\u00e9 le manager g\u00e9n\u00e9ral de la p\u00e9dale de la r\u00e9silience.<\/p>\n<p>Comme \u00e0 l\u2019accoutum\u00e9e, la traditionnelle randonn\u00e9e sur v\u00e9lo des travailleurs de Iamgold Essakane aura lieu autour du palais de sa Majest\u00e9, accompagn\u00e9 de quelques cyclistes du palais. Cette exhibition, pour r\u00e9affirmer l\u2019attachement \u00e0 la pratique du sport dans les entreprises.<\/p>\n<p>&nbsp;<\/p>\n<p>Cette 3e \u00e9dition est plac\u00e9e sous le patronage de madame le ministre des sports, de la jeunesse et de l\u2019emploi, Annick Pikbougoum et sous la pr\u00e9sidence du ministre de l\u2019\u00e9nergie des mines et des carri\u00e8res, Yakouba Zabr\u00e9 Gouba. Le parrainage est assur\u00e9 par Jean Yam\u00e9ogo, pr\u00e9sident du Comit\u00e9 national olympique et des sports burkinab\u00e9.<\/p>\n<p>Le Grand prix cycliste de la r\u00e9silience et de la paix est n\u00e9 de la volont\u00e9 des premiers responsables de cette soci\u00e9t\u00e9 Iamgold Essakane, de contribuer davantage \u00e0 l\u2019\u00e9panouissement de la jeunesse sportive burkinab\u00e9.<\/p>\n<p><strong>Agence d\u2019information du Burkina<\/strong><\/p>\n<p><strong>as\/ata<\/strong><\/p>\n","protected":false},"excerpt":{"rendered":"<p>CYCLISME-BFA-SPORT-GRAND-PRIX-RESILIENCE-PAIX P\u00e9dale de la r\u00e9silience et de la paix : plus de 90 coureurs attendus \u00e0 la 3e \u00e9dition sur l\u2019Avenue Thomas Sankara le 15 mars prochain Ouagadougou, 12 mars 2026 (AIB)-Le top de d\u00e9part du 3e Grand prix cycliste d\u00e9nomm\u00e9 \u00ab P\u00e9dale de la r\u00e9silience et de la paix \u00bb (dames et hommes) sera [&hellip;]<\/p>\n","protected":false},"author":16,"featured_media":143035,"comment_status":"open","ping_status":"open","sticky":false,"template":"","format":"standard","meta":{"advanced_seo_description":"","jetpack_seo_html_title":"","jetpack_seo_noindex":false,"jetpack_post_was_ever_published":false,"footnotes":""},"categories":[42,72,173,80,93,203,38,36,39],"tags":[],"class_list":{"0":"post-143033","1":"post","2":"type-post","3":"status-publish","4":"format-standard","5":"has-post-thumbnail","7":"category-centre","8":"category-cyclisme","9":"category-depeches","10":"category-dossiers","11":"category-flashinfos","12":"category-la-une-aib","13":"category-politique","14":"category-societe","15":"category-sport"},"jetpack_featured_media_url":"https:\/\/i0.wp.com\/www.aib.media\/wp-content\/uploads\/2026\/03\/IMG-20260312-WA0104-1.jpg?fit=1280%2C720&ssl=1","jetpack_shortlink":"https:\/\/wp.me\/pavbHe-BcZ","_links":{"self":[{"href":"https:\/\/www.aib.media\/index.php?rest_route=\/wp\/v2\/posts\/143033","targetHints":{"allow":["GET"]}}],"collection":[{"href":"https:\/\/www.aib.media\/index.php?rest_route=\/wp\/v2\/posts"}],"about":[{"href":"https:\/\/www.aib.media\/index.php?rest_route=\/wp\/v2\/types\/post"}],"author":[{"embeddable":true,"href":"https:\/\/www.aib.media\/index.php?rest_route=\/wp\/v2\/users\/16"}],"replies":[{"embeddable":true,"href":"https:\/\/www.aib.media\/index.php?rest_route=%2Fwp%2Fv2%2Fcomments&post=143033"}],"version-history":[{"count":1,"href":"https:\/\/www.aib.media\/index.php?rest_route=\/wp\/v2\/posts\/143033\/revisions"}],"predecessor-version":[{"id":143036,"href":"https:\/\/www.aib.media\/index.php?rest_route=\/wp\/v2\/posts\/143033\/revisions\/143036"}],"wp:featuredmedia":[{"embeddable":true,"href":"https:\/\/www.aib.media\/index.php?rest_route=\/wp\/v2\/media\/143035"}],"wp:attachment":[{"href":"https:\/\/www.aib.media\/index.php?rest_route=%2Fwp%2Fv2%2Fmedia&parent=143033"}],"wp:term":[{"taxonomy":"category","embeddable":true,"href":"https:\/\/www.aib.media\/index.php?rest_route=%2Fwp%2Fv2%2Fcategories&post=143033"},{"taxonomy":"post_tag","embeddable":true,"href":"https:\/\/www.aib.media\/index.php?rest_route=%2Fwp%2Fv2%2Ftags&post=143033"}],"curies":[{"name":"wp","href":"https:\/\/api.w.org\/{rel}","templated":true}]}}