{"id":143023,"date":"2026-03-12T15:53:29","date_gmt":"2026-03-12T15:53:29","guid":{"rendered":"https:\/\/www.aib.media\/?p=143023"},"modified":"2026-03-12T15:53:29","modified_gmt":"2026-03-12T15:53:29","slug":"zondoma-cohesion-sociale-chretiens-et-musulmans-autour-du-meme-plat","status":"publish","type":"post","link":"https:\/\/www.aib.media\/?p=143023","title":{"rendered":"Zondoma\/Coh\u00e9sion sociale : Chr\u00e9tiens et musulmans autour du m\u00eame plat"},"content":{"rendered":"<p>Burkina\/Zondoma-Rupture-Collective<\/p>\n<p><strong>Zondoma\/Coh\u00e9sion sociale : Chr\u00e9tiens et musulmans autour du m\u00eame plat<\/strong><\/p>\n<p><strong>Gourcy, 9 mars 2026 (AIB) &#8211; l\u2019Association Jeunesse en Action (AJA) a organis\u00e9 ce lundi 9 mars 2026 une rupture collective de je\u00fbne qui a regroup\u00e9 les chr\u00e9tiens et les musulmans de la commune de Gourcy. L\u2019activit\u00e9 a connu la pr\u00e9sence des autorit\u00e9s provinciales et communales.<\/strong><\/p>\n<p>Selon les organisateurs repr\u00e9sent\u00e9s par Abdoul Kabirou Savadogo, pr\u00e9sident de l\u2019Association Jeunesse en Action (AJA), cette rupture collective se veut un cadre d\u2019\u00e9change, de partage et de communion entre les fid\u00e8les des communaut\u00e9s catholiques et musulmanes. Pour lui, l\u2019objectif vis\u00e9 est de consolider la paix et la coh\u00e9sion sociale entre les deux communaut\u00e9s qui, cette ann\u00e9e ont entam\u00e9 le car\u00eame au m\u00eame moment.<br \/>\nEn joignant leurs voix, les repr\u00e9sentants des deux communaut\u00e9s ont salu\u00e9 cette initiative qui a eu le m\u00e9rite de rassembler des fid\u00e8les de diverses religions dans un esprit de fraternit\u00e9 et de partage. Au regard de la mobilisation, la satisfaction est grande pour le haut-commissaire de la province du Zondoma Aboubacar Sidiki Nab\u00e9 pour qui la co\u00efncidence de la p\u00e9riode de je\u00fbne pour les deux communaut\u00e9s sonne comme une volont\u00e9 divine de rapprocher davantage les populations.<\/p>\n<p>\u00ab Nous devons prendre conscience que nous sommes des fr\u00e8res, c\u2019est pourquoi, il nous appartient de collaborer, de communier et de cultiver la coh\u00e9sion sociale, le vivre-ensemble et la paix \u00bb, a indiqu\u00e9 le haut-commissaire qui par ailleurs a formul\u00e9 des pri\u00e8res pour la paix dans l\u2019ensemble du pays. Tout en partageant les mets et les boissons, les participants ont observ\u00e9 la pri\u00e8re \u00e0 la place de la maison communale de la jeunesse avant de se dire au revoir.<\/p>\n<p style=\"text-align: right\"><strong>Agence d\u2019information du Burkina<\/strong><br \/>\n<strong>AK-dnk<\/strong><\/p>\n","protected":false},"excerpt":{"rendered":"<p>Burkina\/Zondoma-Rupture-Collective Zondoma\/Coh\u00e9sion sociale : Chr\u00e9tiens et musulmans autour du m\u00eame plat Gourcy, 9 mars 2026 (AIB) &#8211; l\u2019Association Jeunesse en Action (AJA) a organis\u00e9 ce lundi 9 mars 2026 une rupture collective de je\u00fbne qui a regroup\u00e9 les chr\u00e9tiens et les musulmans de la commune de Gourcy. L\u2019activit\u00e9 a connu la pr\u00e9sence des autorit\u00e9s provinciales [&hellip;]<\/p>\n","protected":false},"author":15,"featured_media":143027,"comment_status":"open","ping_status":"open","sticky":false,"template":"","format":"standard","meta":{"advanced_seo_description":"","jetpack_seo_html_title":"","jetpack_seo_noindex":false,"jetpack_post_was_ever_published":false,"footnotes":""},"categories":[173,93,203,127],"tags":[],"class_list":{"0":"post-143023","1":"post","2":"type-post","3":"status-publish","4":"format-standard","5":"has-post-thumbnail","7":"category-depeches","8":"category-flashinfos","9":"category-la-une-aib","10":"category-zondoma"},"jetpack_featured_media_url":"https:\/\/i0.wp.com\/www.aib.media\/wp-content\/uploads\/2026\/03\/IMG-20260312-WA01473.jpg?fit=1079%2C607&ssl=1","jetpack_shortlink":"https:\/\/wp.me\/pavbHe-BcP","_links":{"self":[{"href":"https:\/\/www.aib.media\/index.php?rest_route=\/wp\/v2\/posts\/143023","targetHints":{"allow":["GET"]}}],"collection":[{"href":"https:\/\/www.aib.media\/index.php?rest_route=\/wp\/v2\/posts"}],"about":[{"href":"https:\/\/www.aib.media\/index.php?rest_route=\/wp\/v2\/types\/post"}],"author":[{"embeddable":true,"href":"https:\/\/www.aib.media\/index.php?rest_route=\/wp\/v2\/users\/15"}],"replies":[{"embeddable":true,"href":"https:\/\/www.aib.media\/index.php?rest_route=%2Fwp%2Fv2%2Fcomments&post=143023"}],"version-history":[{"count":1,"href":"https:\/\/www.aib.media\/index.php?rest_route=\/wp\/v2\/posts\/143023\/revisions"}],"predecessor-version":[{"id":143028,"href":"https:\/\/www.aib.media\/index.php?rest_route=\/wp\/v2\/posts\/143023\/revisions\/143028"}],"wp:featuredmedia":[{"embeddable":true,"href":"https:\/\/www.aib.media\/index.php?rest_route=\/wp\/v2\/media\/143027"}],"wp:attachment":[{"href":"https:\/\/www.aib.media\/index.php?rest_route=%2Fwp%2Fv2%2Fmedia&parent=143023"}],"wp:term":[{"taxonomy":"category","embeddable":true,"href":"https:\/\/www.aib.media\/index.php?rest_route=%2Fwp%2Fv2%2Fcategories&post=143023"},{"taxonomy":"post_tag","embeddable":true,"href":"https:\/\/www.aib.media\/index.php?rest_route=%2Fwp%2Fv2%2Ftags&post=143023"}],"curies":[{"name":"wp","href":"https:\/\/api.w.org\/{rel}","templated":true}]}}