{"id":143021,"date":"2026-03-12T15:45:13","date_gmt":"2026-03-12T15:45:13","guid":{"rendered":"https:\/\/www.aib.media\/?p=143021"},"modified":"2026-03-12T15:45:13","modified_gmt":"2026-03-12T15:45:13","slug":"zoundweogo-education-le-lycee-departemental-de-gogo-celebre-la-richesse-culturelle","status":"publish","type":"post","link":"https:\/\/www.aib.media\/?p=143021","title":{"rendered":"Zoundw\u00e9ogo \/ \u00c9ducation : Le Lyc\u00e9e d\u00e9partemental de Gogo c\u00e9l\u00e8bre la richesse culturelle"},"content":{"rendered":"<p><strong>Zoundw\u00e9ogo \/ \u00c9ducation : Le Lyc\u00e9e d\u00e9partemental de Gogo c\u00e9l\u00e8bre la richesse culturelle<\/strong><\/p>\n<p><strong>Gogo, 11 mars 2026 (AIB) \u2013 Le Lyc\u00e9e d\u00e9partemental de Gogo a vibr\u00e9 au rythme des valeurs culturelles, \u00e0 l\u2019occasion d\u2019une journ\u00e9e culturelle organis\u00e9e au sein de l\u2019\u00e9tablissement, mettant en lumi\u00e8re les talents et la cr\u00e9ativit\u00e9 des \u00e9l\u00e8ves.<\/strong><\/p>\n<p>La c\u00e9r\u00e9monie s\u2019est d\u00e9roul\u00e9e en pr\u00e9sence du proviseur de l\u2019\u00e9tablissement, Djakaridja Ouattara, du personnel administratif, des enseignants, des repr\u00e9sentants du conseil d\u2019\u00e9cole ainsi que des repr\u00e9sentants de l\u2019Association Zak La-Yilguemd\u00e9.<\/p>\n<p>Trois temps forts ont marqu\u00e9 cette journ\u00e9e : le mot de bienvenue du proviseur, la comp\u00e9tition culturelle interclasses et les prestations artistiques.<br \/>\nDans son allocution, le proviseur a rappel\u00e9 la port\u00e9e \u00e9ducative et p\u00e9dagogique de cette initiative.<br \/>\n\u00ab La journ\u00e9e culturelle contribue \u00e0 la formation globale des \u00e9l\u00e8ves, au-del\u00e0 des apprentissages en classe. Elle favorise le d\u00e9veloppement des comp\u00e9tences sociales, le renforcement de la confiance en soi et la promotion des valeurs citoyennes telles que le respect, la tol\u00e9rance, la solidarit\u00e9 et le vivre-ensemble \u00bb, a-t-il indiqu\u00e9.<\/p>\n<p>Selon lui, ces activit\u00e9s permettent \u00e9galement de valoriser les talents des \u00e9l\u00e8ves dans divers domaines tels que la musique, le th\u00e9\u00e2tre, la po\u00e9sie, le dessin et l\u2019artisanat, tout en d\u00e9veloppant leur esprit d\u2019initiative, de cr\u00e9ativit\u00e9 et de leadership.<br \/>\nLe proviseur a, par ailleurs, exprim\u00e9 sa reconnaissance \u00e0 l\u2019endroit de l\u2019ensemble des acteurs qui ont contribu\u00e9 \u00e0 la r\u00e9ussite de cette journ\u00e9e culturelle.<br \/>\nAu cours des diff\u00e9rentes comp\u00e9titions, les \u00e9l\u00e8ves ont d\u00e9montr\u00e9 leur savoir-faire \u00e0 travers la danse traditionnelle, la danse moderne, la po\u00e9sie, le slam et un d\u00e9fil\u00e9 en tenue traditionnelle. \u00c0 l\u2019issue des \u00e9preuves, les trois meilleurs de chaque discipline ont re\u00e7u des prix d\u2019encouragement.<\/p>\n<p>La journ\u00e9e a \u00e9galement \u00e9t\u00e9 marqu\u00e9e par des prestations artistiques, notamment celle du cat\u00e9chiste Konditamd\u00e9 de la paroisse de Gogo, qui a \u00e9merveill\u00e9 le public par son talent. Un \u00e9l\u00e8ve du lyc\u00e9e, Rolland \u201cThe Number One\u201d, en d\u00e9but de carri\u00e8re musicale, a \u00e9galement offert une prestation appr\u00e9ci\u00e9e par l\u2019assistance.<\/p>\n<p style=\"text-align: right\">\n<strong>Agence d\u2019Information du Burkina <\/strong><br \/>\n<strong>KP \/ BGB\/bbp<\/strong><\/p>\n","protected":false},"excerpt":{"rendered":"<p>Zoundw\u00e9ogo \/ \u00c9ducation : Le Lyc\u00e9e d\u00e9partemental de Gogo c\u00e9l\u00e8bre la richesse culturelle Gogo, 11 mars 2026 (AIB) \u2013 Le Lyc\u00e9e d\u00e9partemental de Gogo a vibr\u00e9 au rythme des valeurs culturelles, \u00e0 l\u2019occasion d\u2019une journ\u00e9e culturelle organis\u00e9e au sein de l\u2019\u00e9tablissement, mettant en lumi\u00e8re les talents et la cr\u00e9ativit\u00e9 des \u00e9l\u00e8ves. La c\u00e9r\u00e9monie s\u2019est d\u00e9roul\u00e9e [&hellip;]<\/p>\n","protected":false},"author":21,"featured_media":143024,"comment_status":"open","ping_status":"open","sticky":false,"template":"","format":"standard","meta":{"advanced_seo_description":"","jetpack_seo_html_title":"","jetpack_seo_noindex":false,"jetpack_post_was_ever_published":false,"footnotes":""},"categories":[48,173,93,203,115],"tags":[],"class_list":{"0":"post-143021","1":"post","2":"type-post","3":"status-publish","4":"format-standard","5":"has-post-thumbnail","7":"category-centre-sud","8":"category-depeches","9":"category-flashinfos","10":"category-la-une-aib","11":"category-zoundwego"},"jetpack_featured_media_url":"https:\/\/i0.wp.com\/www.aib.media\/wp-content\/uploads\/2026\/03\/41-1.jpeg?fit=1280%2C960&ssl=1","jetpack_shortlink":"https:\/\/wp.me\/pavbHe-BcN","_links":{"self":[{"href":"https:\/\/www.aib.media\/index.php?rest_route=\/wp\/v2\/posts\/143021","targetHints":{"allow":["GET"]}}],"collection":[{"href":"https:\/\/www.aib.media\/index.php?rest_route=\/wp\/v2\/posts"}],"about":[{"href":"https:\/\/www.aib.media\/index.php?rest_route=\/wp\/v2\/types\/post"}],"author":[{"embeddable":true,"href":"https:\/\/www.aib.media\/index.php?rest_route=\/wp\/v2\/users\/21"}],"replies":[{"embeddable":true,"href":"https:\/\/www.aib.media\/index.php?rest_route=%2Fwp%2Fv2%2Fcomments&post=143021"}],"version-history":[{"count":1,"href":"https:\/\/www.aib.media\/index.php?rest_route=\/wp\/v2\/posts\/143021\/revisions"}],"predecessor-version":[{"id":143025,"href":"https:\/\/www.aib.media\/index.php?rest_route=\/wp\/v2\/posts\/143021\/revisions\/143025"}],"wp:featuredmedia":[{"embeddable":true,"href":"https:\/\/www.aib.media\/index.php?rest_route=\/wp\/v2\/media\/143024"}],"wp:attachment":[{"href":"https:\/\/www.aib.media\/index.php?rest_route=%2Fwp%2Fv2%2Fmedia&parent=143021"}],"wp:term":[{"taxonomy":"category","embeddable":true,"href":"https:\/\/www.aib.media\/index.php?rest_route=%2Fwp%2Fv2%2Fcategories&post=143021"},{"taxonomy":"post_tag","embeddable":true,"href":"https:\/\/www.aib.media\/index.php?rest_route=%2Fwp%2Fv2%2Ftags&post=143021"}],"curies":[{"name":"wp","href":"https:\/\/api.w.org\/{rel}","templated":true}]}}