{"id":143018,"date":"2026-03-12T15:37:21","date_gmt":"2026-03-12T15:37:21","guid":{"rendered":"https:\/\/www.aib.media\/?p=143018"},"modified":"2026-03-12T15:37:21","modified_gmt":"2026-03-12T15:37:21","slug":"nazinon-cadre-regional-de-dialogue-le-rapport-de-performance-2021-2025-et-le-pard-2026-2028-valides","status":"publish","type":"post","link":"https:\/\/www.aib.media\/?p=143018","title":{"rendered":"Nazinon\/Cadre r\u00e9gional de dialogue : Le rapport de performance 2021-2025 et le PARD 2026-2028 valid\u00e9s"},"content":{"rendered":"<p><strong>Nazinon\/Cadre r\u00e9gional de dialogue : Le rapport de performance 2021-2025 et le PARD 2026-2028 valid\u00e9s<\/strong><\/p>\n<p><strong>Manga, 11 mars 2026 (AIB) \u2013 Les acteurs de la r\u00e9gion du Nazinon se sont r\u00e9unis mercredi, \u00e0 Manga \u00e0 l\u2019occasion de la premi\u00e8re session ordinaire de l\u2019ann\u00e9e 2026 du Cadre r\u00e9gional de dialogue (CRD). La rencontre a \u00e9t\u00e9 consacr\u00e9e \u00e0 l\u2019examen et \u00e0 la validation du rapport de performance consolid\u00e9 2021-2025 ainsi que du Plan d\u2019actions r\u00e9gional de d\u00e9veloppement (PARD) 2026-2028.<\/strong><\/p>\n<p>La session, tenue dans la salle de conf\u00e9rence du Conseil r\u00e9gional, a r\u00e9uni les autorit\u00e9s administratives, les responsables des services techniques, les collectivit\u00e9s territoriales, les partenaires techniques et financiers ainsi que les organisations de la soci\u00e9t\u00e9 civile.<\/p>\n<p>Les travaux ont port\u00e9 notamment sur la pr\u00e9sentation du projet de rapport de performance annuelle 2025 et du rapport consolid\u00e9 couvrant la p\u00e9riode 2021-2025, suivie d\u2019\u00e9changes entre les participants avant leur adoption.<br \/>\nLes membres du cadre ont \u00e9galement examin\u00e9 le projet du Plan d\u2019actions r\u00e9gional de d\u00e9veloppement 2026-2028, avant de proc\u00e9der \u00e0 sa validation.<br \/>\nDans son discours d\u2019ouverture, la gouverneure du Nazinon, Massadalo Yvette Nacoulma, a salu\u00e9 la mobilisation des acteurs r\u00e9gionaux qu\u2019elle a qualifi\u00e9e de signe d\u2019int\u00e9r\u00eat pour le suivi des politiques publiques et la redevabilit\u00e9 envers les populations.<br \/>\nSelon elle, cette session constitue une opportunit\u00e9 d\u2019appr\u00e9cier de mani\u00e8re objective les progr\u00e8s r\u00e9alis\u00e9s dans la mise en \u0153uvre des actions de d\u00e9veloppement, d\u2019identifier les difficult\u00e9s rencontr\u00e9es et d\u2019en tirer des enseignements pour am\u00e9liorer l\u2019efficacit\u00e9 des interventions futures.<\/p>\n<p>Mme Nacoulma a rappel\u00e9 que durant les cinq derni\u00e8res ann\u00e9es, la r\u00e9gion du Nazinon s\u2019est engag\u00e9e \u00e0 la mise en \u0153uvre du Plan d\u2019actions pour la stabilisation et le d\u00e9veloppement, articul\u00e9 autour de plusieurs axes majeurs. Il s\u2019est agi notamment, a-t-elle d\u00e9taill\u00e9, de la lutte contre le terrorisme et la restauration de l\u2019int\u00e9grit\u00e9 territoriale, de la r\u00e9ponse \u00e0 la crise humanitaire, de la refondation de l\u2019\u00c9tat, de l\u2019am\u00e9lioration de la gouvernance et de la promotion de la r\u00e9conciliation nationale.<\/p>\n<p>La gouverneure a relev\u00e9 qu\u2019au titre de l\u2019ann\u00e9e 2025, la r\u00e9gion a enregistr\u00e9 un taux de r\u00e9alisation physique moyen de 70,74 % et un taux d\u2019ex\u00e9cution financi\u00e8re de 61,03 %. Elle a ajout\u00e9 que sur les 508 activit\u00e9s programm\u00e9es, 372 ont \u00e9t\u00e9 enti\u00e8rement r\u00e9alis\u00e9es. \u00ab Sur un montant pr\u00e9visionnel de 14 126 509 986 milliards de francs CFA, 8 621 183 162 milliards de francs CFA ont \u00e9t\u00e9 effectivement ex\u00e9cut\u00e9s \u00bb, a pr\u00e9cis\u00e9 Yvette Nacoulma.<br \/>\nElle a en outre indiqu\u00e9 que des investissements importants ont \u00e9t\u00e9 r\u00e9alis\u00e9s dans les secteurs sociaux et \u00e9conomiques avec la construction et la r\u00e9habilitation d\u2019infrastructures \u00e9ducatives et sanitaires, l\u2019acquisition d\u2019\u00e9quipements pour am\u00e9liorer l\u2019offre de services publics et la mise en \u0153uvre d\u2019initiatives de soutien aux activit\u00e9s \u00e9conomiques.<\/p>\n<p>La premi\u00e8re responsable de la r\u00e9gion a conclu que cette revue intervient dans un contexte marqu\u00e9 par l\u2019adoption d\u2019un nouveau r\u00e9f\u00e9rentiel national de d\u00e9veloppement d\u00e9nomm\u00e9 \u00ab Plan Relance \u00bb, couvrant la p\u00e9riode 2026-2030 et d\u00e9clin\u00e9 au niveau r\u00e9gional \u00e0 travers les Plans d\u2019actions r\u00e9gionaux de d\u00e9veloppement (PARD) 2026-2028.<\/p>\n<p style=\"text-align: right\">\n<strong>Agence d\u2019information du Burkina <\/strong><br \/>\n<strong>BGB\/bbp<\/strong><\/p>\n","protected":false},"excerpt":{"rendered":"<p>Nazinon\/Cadre r\u00e9gional de dialogue : Le rapport de performance 2021-2025 et le PARD 2026-2028 valid\u00e9s Manga, 11 mars 2026 (AIB) \u2013 Les acteurs de la r\u00e9gion du Nazinon se sont r\u00e9unis mercredi, \u00e0 Manga \u00e0 l\u2019occasion de la premi\u00e8re session ordinaire de l\u2019ann\u00e9e 2026 du Cadre r\u00e9gional de dialogue (CRD). La rencontre a \u00e9t\u00e9 consacr\u00e9e [&hellip;]<\/p>\n","protected":false},"author":21,"featured_media":143019,"comment_status":"open","ping_status":"open","sticky":false,"template":"","format":"standard","meta":{"advanced_seo_description":"","jetpack_seo_html_title":"","jetpack_seo_noindex":false,"jetpack_post_was_ever_published":false,"footnotes":""},"categories":[48,173,93,203,36,115],"tags":[],"class_list":{"0":"post-143018","1":"post","2":"type-post","3":"status-publish","4":"format-standard","5":"has-post-thumbnail","7":"category-centre-sud","8":"category-depeches","9":"category-flashinfos","10":"category-la-une-aib","11":"category-societe","12":"category-zoundwego"},"jetpack_featured_media_url":"https:\/\/i0.wp.com\/www.aib.media\/wp-content\/uploads\/2026\/03\/29-3.jpeg?fit=1200%2C800&ssl=1","jetpack_shortlink":"https:\/\/wp.me\/pavbHe-BcK","_links":{"self":[{"href":"https:\/\/www.aib.media\/index.php?rest_route=\/wp\/v2\/posts\/143018","targetHints":{"allow":["GET"]}}],"collection":[{"href":"https:\/\/www.aib.media\/index.php?rest_route=\/wp\/v2\/posts"}],"about":[{"href":"https:\/\/www.aib.media\/index.php?rest_route=\/wp\/v2\/types\/post"}],"author":[{"embeddable":true,"href":"https:\/\/www.aib.media\/index.php?rest_route=\/wp\/v2\/users\/21"}],"replies":[{"embeddable":true,"href":"https:\/\/www.aib.media\/index.php?rest_route=%2Fwp%2Fv2%2Fcomments&post=143018"}],"version-history":[{"count":1,"href":"https:\/\/www.aib.media\/index.php?rest_route=\/wp\/v2\/posts\/143018\/revisions"}],"predecessor-version":[{"id":143020,"href":"https:\/\/www.aib.media\/index.php?rest_route=\/wp\/v2\/posts\/143018\/revisions\/143020"}],"wp:featuredmedia":[{"embeddable":true,"href":"https:\/\/www.aib.media\/index.php?rest_route=\/wp\/v2\/media\/143019"}],"wp:attachment":[{"href":"https:\/\/www.aib.media\/index.php?rest_route=%2Fwp%2Fv2%2Fmedia&parent=143018"}],"wp:term":[{"taxonomy":"category","embeddable":true,"href":"https:\/\/www.aib.media\/index.php?rest_route=%2Fwp%2Fv2%2Fcategories&post=143018"},{"taxonomy":"post_tag","embeddable":true,"href":"https:\/\/www.aib.media\/index.php?rest_route=%2Fwp%2Fv2%2Ftags&post=143018"}],"curies":[{"name":"wp","href":"https:\/\/api.w.org\/{rel}","templated":true}]}}