{"id":143015,"date":"2026-03-12T15:28:44","date_gmt":"2026-03-12T15:28:44","guid":{"rendered":"https:\/\/www.aib.media\/?p=143015"},"modified":"2026-03-12T15:28:44","modified_gmt":"2026-03-12T15:28:44","slug":"nobere-les-missionnaires-adventistes-offres-des-prestations-medicales-gratuites-aux-populations","status":"publish","type":"post","link":"https:\/\/www.aib.media\/?p=143015","title":{"rendered":"Nob\u00e9r\u00e9 : Les missionnaires adventistes offres des prestations m\u00e9dicales gratuites aux populations"},"content":{"rendered":"<p><strong>Nob\u00e9r\u00e9 : Les missionnaires adventistes offres des prestations m\u00e9dicales gratuites aux populations<\/strong><\/p>\n<p><strong>Nob\u00e9r\u00e9, 12 mars 2026 (AIB) \u2013 Les missionnaires m\u00e9dicaux de l\u2019\u00c9glise Adventiste du Septi\u00e8me jour ont organis\u00e9, dimanche 8 mars \u00e0 vendredi 13 mars \u00e0 Nob\u00e9r\u00e9, une semaine de sensibilisation et de soins gratuits au profit des populations locales, a constat\u00e9 l\u2019AIB sur place.<\/strong><\/p>\n<p>Ce programme de sensibilisation, qui s\u2019inscrit dans les missions r\u00e9galiennes des fid\u00e8les de l\u2019\u00c9glise Adventiste du Septi\u00e8me jour, vise \u00e0 promouvoir la sant\u00e9 et le bien-\u00eatre int\u00e9gral au sein des communaut\u00e9s.<\/p>\n<p>Selon le Pasteur Zoundi, l\u2019un des missionnaires, cette initiative tire sa l\u00e9gitimit\u00e9 des \u00e9critures saintes. Il a indiqu\u00e9 que leur conviction de soutenir le bien-\u00eatre puise sa source dans le minist\u00e8re de J\u00e9sus-Christ, lequel reposait essentiellement sur une triade : la foi, l\u2019\u00e9ducation et la sant\u00e9.<\/p>\n<p>Au cours de cette journ\u00e9e, les populations ont b\u00e9n\u00e9fici\u00e9 de plusieurs prestations m\u00e9dicales gratuites, notamment le contr\u00f4le de la tension art\u00e9rielle, le d\u00e9pistage de la glyc\u00e9mie et le calcul de l\u2019Indice de Masse Corporelle (IMC).<\/p>\n<p>Outre les examens physiques, des conseils pratiques sur la pr\u00e9vention de pathologies chroniques telles que le diab\u00e8te et les accidents vasculaires c\u00e9r\u00e9braux (AVC) ont \u00e9t\u00e9 prodigu\u00e9s. Les missionnaires ont insist\u00e9 sur le fait que la majeure partie de ces maux sont \u00e9vitables. Pour eux, le manque de pr\u00e9vention constitue un manquement grave pouvant nuire durablement \u00e0 la sant\u00e9 humaine.<\/p>\n<p>Du c\u00f4t\u00e9 des b\u00e9n\u00e9ficiaires, c\u2019est un sentiment de soulagement qui pr\u00e9domine. \u00ab Aller en consultation en ville co\u00fbte cher entre le transport et les frais de dossier. Aujourd&rsquo;hui, j&rsquo;ai pu conna\u00eetre mon taux de sucre gratuitement et j&rsquo;ai re\u00e7u des conseils pour mon alimentation \u00bb, s&rsquo;est r\u00e9jouie Mariam Tiendreb\u00e9ogo, une habitante de la commune.<\/p>\n<p>M\u00eame son de cloche pour un autre b\u00e9n\u00e9ficiaire, qui voit en cette action un acte de solidarit\u00e9 concr\u00e8te : \u00ab Nous appr\u00e9cions \u00e9norm\u00e9ment ces conseils. Je m&rsquo;engage \u00e0 suivre scrupuleusement les indications pour mon bien-\u00eatre car la sant\u00e9 n&rsquo;a pas de prix \u00bb, a-t-il confi\u00e9.<\/p>\n<p>En guise de perspective, le Pasteur Zoundi a annonc\u00e9 que cette campagne n&rsquo;est qu&rsquo;une \u00e9tape. L&rsquo;\u00c9glise entend multiplier ces sorties dans d&rsquo;autres localit\u00e9s de la r\u00e9gion afin de rapprocher les soins de sant\u00e9 des populations rurales et renforcer l&rsquo;\u00e9ducation sanitaire \u00e0 la base.<\/p>\n<p>C&rsquo;est sur une note de satisfaction globale que les missionnaires se sont engag\u00e9s \u00e0 assurer un suivi pour les cas n\u00e9cessitant une prise en charge plus approfondie dans des centres de sant\u00e9 sp\u00e9cialis\u00e9s.<\/p>\n<p style=\"text-align: right\">\n<strong>Agence d\u2019information du Burkina<\/strong><br \/>\n<strong>IK\/BGB\/bbp<\/strong><\/p>\n","protected":false},"excerpt":{"rendered":"<p>Nob\u00e9r\u00e9 : Les missionnaires adventistes offres des prestations m\u00e9dicales gratuites aux populations Nob\u00e9r\u00e9, 12 mars 2026 (AIB) \u2013 Les missionnaires m\u00e9dicaux de l\u2019\u00c9glise Adventiste du Septi\u00e8me jour ont organis\u00e9, dimanche 8 mars \u00e0 vendredi 13 mars \u00e0 Nob\u00e9r\u00e9, une semaine de sensibilisation et de soins gratuits au profit des populations locales, a constat\u00e9 l\u2019AIB sur [&hellip;]<\/p>\n","protected":false},"author":21,"featured_media":143016,"comment_status":"open","ping_status":"open","sticky":false,"template":"","format":"standard","meta":{"advanced_seo_description":"","jetpack_seo_html_title":"","jetpack_seo_noindex":false,"jetpack_post_was_ever_published":false,"footnotes":""},"categories":[48,173,93,203,36,115],"tags":[],"class_list":{"0":"post-143015","1":"post","2":"type-post","3":"status-publish","4":"format-standard","5":"has-post-thumbnail","7":"category-centre-sud","8":"category-depeches","9":"category-flashinfos","10":"category-la-une-aib","11":"category-societe","12":"category-zoundwego"},"jetpack_featured_media_url":"https:\/\/i0.wp.com\/www.aib.media\/wp-content\/uploads\/2026\/03\/36.jpeg?fit=1280%2C960&ssl=1","jetpack_shortlink":"https:\/\/wp.me\/pavbHe-BcH","_links":{"self":[{"href":"https:\/\/www.aib.media\/index.php?rest_route=\/wp\/v2\/posts\/143015","targetHints":{"allow":["GET"]}}],"collection":[{"href":"https:\/\/www.aib.media\/index.php?rest_route=\/wp\/v2\/posts"}],"about":[{"href":"https:\/\/www.aib.media\/index.php?rest_route=\/wp\/v2\/types\/post"}],"author":[{"embeddable":true,"href":"https:\/\/www.aib.media\/index.php?rest_route=\/wp\/v2\/users\/21"}],"replies":[{"embeddable":true,"href":"https:\/\/www.aib.media\/index.php?rest_route=%2Fwp%2Fv2%2Fcomments&post=143015"}],"version-history":[{"count":1,"href":"https:\/\/www.aib.media\/index.php?rest_route=\/wp\/v2\/posts\/143015\/revisions"}],"predecessor-version":[{"id":143017,"href":"https:\/\/www.aib.media\/index.php?rest_route=\/wp\/v2\/posts\/143015\/revisions\/143017"}],"wp:featuredmedia":[{"embeddable":true,"href":"https:\/\/www.aib.media\/index.php?rest_route=\/wp\/v2\/media\/143016"}],"wp:attachment":[{"href":"https:\/\/www.aib.media\/index.php?rest_route=%2Fwp%2Fv2%2Fmedia&parent=143015"}],"wp:term":[{"taxonomy":"category","embeddable":true,"href":"https:\/\/www.aib.media\/index.php?rest_route=%2Fwp%2Fv2%2Fcategories&post=143015"},{"taxonomy":"post_tag","embeddable":true,"href":"https:\/\/www.aib.media\/index.php?rest_route=%2Fwp%2Fv2%2Ftags&post=143015"}],"curies":[{"name":"wp","href":"https:\/\/api.w.org\/{rel}","templated":true}]}}