{"id":143011,"date":"2026-03-12T15:18:01","date_gmt":"2026-03-12T15:18:01","guid":{"rendered":"https:\/\/www.aib.media\/?p=143011"},"modified":"2026-03-12T15:18:01","modified_gmt":"2026-03-12T15:18:01","slug":"koosin-education-le-directeur-provincial-salue-la-resilience-des-enseignants-pour-le-travail-abattu","status":"publish","type":"post","link":"https:\/\/www.aib.media\/?p=143011","title":{"rendered":"Koosin\/Education : Le directeur provincial salue la r\u00e9silience des enseignants pour le travail abattu"},"content":{"rendered":"<p>BURKINA-KOOSIN-EDUCATION<\/p>\n<p><strong>Koosin\/Education : Le directeur provincial salue la r\u00e9silience des enseignants pour le travail abattu<\/strong><\/p>\n<p><strong>Doumbala, 11 mars 2026 (AIB)-Le directeur provincial en charge de l\u2019Education primaire, Fr\u00e9d\u00e9ric Nindamou Y\u00e9houn, s&rsquo;est rendu, ce mercredi 11 mars 2026 dans la Circonscription d\u2019\u00e9ducation de base (CEB) de Doumbala, afin de s&rsquo;impr\u00e9gner des r\u00e9alit\u00e9s du terrain. Il a salu\u00e9 la r\u00e9silience des enseignants pour le travail abattu.<\/strong><\/p>\n<p>A la t\u00eate d&rsquo;une forte d\u00e9l\u00e9gation, le directeur provincial en charge de l\u2019Education primaire, Fr\u00e9d\u00e9ric Nindamou Y\u00e9houn, est venu toucher du doigt les r\u00e9alit\u00e9s du terrain, dans la Circonscription d\u2019\u00e9ducation de base (CEB) de Doumbala.<\/p>\n<p>\u00ab Rassurez-vous, vous n&rsquo;\u00eates pas seuls, toute la hi\u00e9rarchie est avec vous. Nous sommes au courant du travail que vous abattez \u00bb, a-t-il d\u00e9clar\u00e9 aux enseignants et aux encadreurs de la CEB.<br \/>\nLe directeur provincial en charge de l\u2019Education primaire, a salu\u00e9 la r\u00e9silience des enseignants pour le travail abattu.<br \/>\nA cette occasion, le gestionnaire des ressources humaines, Roland Djiguimd\u00e9, a fait un expos\u00e9 ax\u00e9 sur les droits et devoirs du fonctionnaire, son r\u00f4le et ses attributions.<br \/>\nA l&rsquo;issue des \u00e9changes, la d\u00e9l\u00e9gation a rendu une visite de courtoisie aux notabilit\u00e9s coutumi\u00e8res du village, aux Volontaires pour la d\u00e9fense de la patrie (VDP) et aux agents de sant\u00e9.<\/p>\n<p>Le chef de village de Doumbala, F\u00e9lix Dakio, assist\u00e9 du premier adjoint de la d\u00e9l\u00e9gation sp\u00e9ciale, Eloi Dakuyo, ont formul\u00e9 des b\u00e9n\u00e9dictions \u00e0 l&rsquo;endroit des visiteurs du jour et par ricochet \u00e0 l&rsquo;endroit du Burkina Faso afin que la paix revienne.<\/p>\n<p>Le Chef de la circonscription d&rsquo;\u00e9ducation de base (CCEB) de Doumbala, B\u00eata Tamini, s&rsquo;est r\u00e9joui de la visite du directeur provincial dans la CEB, pour encourager et f\u00e9liciter les enseignants pour le travail abattu.<\/p>\n<p>En rappel, avant de commencer les activit\u00e9s, les diff\u00e9rents acteurs ont entonn\u00e9 l&rsquo;hymne national, symbole de l&rsquo;appartenance \u00e0 la m\u00eame patrie.<br \/>\nLes enseignants ont \u00e0 l&rsquo;issue de la rencontre formul\u00e9 des dol\u00e9ances relatives aux conditions de vie du monde \u00e9ducatif.<\/p>\n<p>Le directeur provincial en charge de l\u2019Education primaire, Fr\u00e9d\u00e9ric Nindamou Y\u00e9houn, a soulign\u00e9 qu&rsquo;il apportera une suite favorable aux dol\u00e9ances formul\u00e9es.<\/p>\n<p style=\"text-align: right\">\n<strong>Agence d\u2019information du Burkina<\/strong><br \/>\n<strong>LD\/AC\/HB\/OO<\/strong><\/p>\n","protected":false},"excerpt":{"rendered":"<p>BURKINA-KOOSIN-EDUCATION Koosin\/Education : Le directeur provincial salue la r\u00e9silience des enseignants pour le travail abattu Doumbala, 11 mars 2026 (AIB)-Le directeur provincial en charge de l\u2019Education primaire, Fr\u00e9d\u00e9ric Nindamou Y\u00e9houn, s&rsquo;est rendu, ce mercredi 11 mars 2026 dans la Circonscription d\u2019\u00e9ducation de base (CEB) de Doumbala, afin de s&rsquo;impr\u00e9gner des r\u00e9alit\u00e9s du terrain. Il a [&hellip;]<\/p>\n","protected":false},"author":21,"featured_media":143013,"comment_status":"open","ping_status":"open","sticky":false,"template":"","format":"standard","meta":{"advanced_seo_description":"","jetpack_seo_html_title":"","jetpack_seo_noindex":false,"jetpack_post_was_ever_published":false,"footnotes":""},"categories":[43,173,93,96,203,36],"tags":[],"class_list":{"0":"post-143011","1":"post","2":"type-post","3":"status-publish","4":"format-standard","5":"has-post-thumbnail","7":"category-boucle-du-mouhoun","8":"category-depeches","9":"category-flashinfos","10":"category-kossi","11":"category-la-une-aib","12":"category-societe"},"jetpack_featured_media_url":"https:\/\/i0.wp.com\/www.aib.media\/wp-content\/uploads\/2026\/03\/28-1.jpeg?fit=1438%2C652&ssl=1","jetpack_shortlink":"https:\/\/wp.me\/pavbHe-BcD","_links":{"self":[{"href":"https:\/\/www.aib.media\/index.php?rest_route=\/wp\/v2\/posts\/143011","targetHints":{"allow":["GET"]}}],"collection":[{"href":"https:\/\/www.aib.media\/index.php?rest_route=\/wp\/v2\/posts"}],"about":[{"href":"https:\/\/www.aib.media\/index.php?rest_route=\/wp\/v2\/types\/post"}],"author":[{"embeddable":true,"href":"https:\/\/www.aib.media\/index.php?rest_route=\/wp\/v2\/users\/21"}],"replies":[{"embeddable":true,"href":"https:\/\/www.aib.media\/index.php?rest_route=%2Fwp%2Fv2%2Fcomments&post=143011"}],"version-history":[{"count":1,"href":"https:\/\/www.aib.media\/index.php?rest_route=\/wp\/v2\/posts\/143011\/revisions"}],"predecessor-version":[{"id":143014,"href":"https:\/\/www.aib.media\/index.php?rest_route=\/wp\/v2\/posts\/143011\/revisions\/143014"}],"wp:featuredmedia":[{"embeddable":true,"href":"https:\/\/www.aib.media\/index.php?rest_route=\/wp\/v2\/media\/143013"}],"wp:attachment":[{"href":"https:\/\/www.aib.media\/index.php?rest_route=%2Fwp%2Fv2%2Fmedia&parent=143011"}],"wp:term":[{"taxonomy":"category","embeddable":true,"href":"https:\/\/www.aib.media\/index.php?rest_route=%2Fwp%2Fv2%2Fcategories&post=143011"},{"taxonomy":"post_tag","embeddable":true,"href":"https:\/\/www.aib.media\/index.php?rest_route=%2Fwp%2Fv2%2Ftags&post=143011"}],"curies":[{"name":"wp","href":"https:\/\/api.w.org\/{rel}","templated":true}]}}