{"id":143002,"date":"2026-03-12T13:28:13","date_gmt":"2026-03-12T13:28:13","guid":{"rendered":"https:\/\/www.aib.media\/?p=143002"},"modified":"2026-03-12T13:28:13","modified_gmt":"2026-03-12T13:28:13","slug":"sandbondtenga-la-nouvelle-directrice-regionale-des-sports-des-koulse-compte-conduire-sa-mission-dans-la-concertation-avec-tous-les-acteurs","status":"publish","type":"post","link":"https:\/\/www.aib.media\/?p=143002","title":{"rendered":"Sandbondtenga: La nouvelle directrice r\u00e9gionale des Sports des Kouls\u00e9 compte conduire sa mission dans la concertation avec tous les acteurs"},"content":{"rendered":"<p><strong>Sandbondtenga: La nouvelle directrice r\u00e9gionale des Sports des Kouls\u00e9 compte conduire sa mission dans la concertation avec tous les acteurs<\/strong><\/p>\n<p><strong>Kaya, 11 mars 2026 (AIB) \u2013 La nouvelle directrice r\u00e9gionale des Sports, de la Jeunesse et de l\u2019Emploi de la r\u00e9gion des Kouls\u00e9, Nida Blanche Hien\/Traor\u00e9, a r\u00e9affirm\u00e9 mercredi sa volont\u00e9 de conduire sa mission dans un esprit de concertation avec l\u2019ensemble des acteurs du secteur, lors de son installation.<\/strong><\/p>\n<p>Elle a \u00e9t\u00e9 install\u00e9e dans ses nouvelles fonctions de directrice r\u00e9gionale des Sports, de la Jeunesse et de l\u2019Emploi des Kouls\u00e9 par le gouverneur de la r\u00e9gion, le Colonel-Major Z. Blaise Ou\u00e9draogo.<\/p>\n<p>Aussit\u00f4t install\u00e9e, Nida Blanche Hien\/Traor\u00e9 s\u2019est engag\u00e9e \u00e0 travailler en \u00e9troite collaboration avec les diff\u00e9rents acteurs afin de relever les d\u00e9fis li\u00e9s aux secteurs des sports, de la jeunesse et de l\u2019emploi dans la r\u00e9gion des Kouls\u00e9.<\/p>\n<p>Elle a aussi exprim\u00e9 sa reconnaissance aux autorit\u00e9s administratives et aux partenaires pour la confiance plac\u00e9e en elle.<\/p>\n<p>Le directeur r\u00e9gional des Sports et des Loisirs sortant, Madou Coulibaly, a pour sa part dress\u00e9 le bilan de son passage \u00e0 la t\u00eate de la structure. Il a remerci\u00e9 les autorit\u00e9s r\u00e9gionales ainsi que les acteurs du sport pour leur accompagnement.<\/p>\n<p>Le gouverneur de la r\u00e9gion des Kouls\u00e9, le Colonel-Major Z. Blaise Ou\u00e9draogo, a salu\u00e9 les r\u00e9sultats obtenus par le responsable sorti.<\/p>\n<p>Il a \u00e9galement invit\u00e9 la nouvelle directrice r\u00e9gionale \u00e0 consolider les acquis tout en insufflant une dynamique nouvelle pour faire face aux d\u00e9fis des secteurs des sports, de la jeunesse et de l\u2019emploi.<\/p>\n<p>L\u2019installation de Nida Blanche Hien\/Traor\u00e9 intervient dans un contexte de r\u00e9organisation administrative marqu\u00e9e par la mise en place d\u2019une direction r\u00e9gionale unifi\u00e9e, regroupant d\u00e9sormais les secteurs des sports, de la jeunesse, de l\u2019emploi et des loisirs dans la r\u00e9gion des Kouls\u00e9.<\/p>\n<p>Avant sa nomination, Mme Hien\/Traor\u00e9 occupait le poste de directrice r\u00e9gionale de la jeunesse, de la formation professionnelle et de l\u2019emploi. Ses nouvelles responsabilit\u00e9s \u00e9largissent d\u00e9sormais son champ d\u2019action \u00e0 la gestion des sports et des loisirs.<\/p>\n<p>La c\u00e9r\u00e9monie a connu la pr\u00e9sence des autorit\u00e9s administratives, des repr\u00e9sentants des corps constitu\u00e9s, des acteurs du sport, ainsi que des partenaires, parents, collaborateurs et connaissances venus t\u00e9moigner leur soutien aux responsables concern\u00e9s.<\/p>\n<p style=\"text-align: right\"><strong>Agence d\u2019Information du Burkina<\/strong><br \/>\n<strong>AIO\/bak<\/strong><\/p>\n","protected":false},"excerpt":{"rendered":"<p>Sandbondtenga: La nouvelle directrice r\u00e9gionale des Sports des Kouls\u00e9 compte conduire sa mission dans la concertation avec tous les acteurs Kaya, 11 mars 2026 (AIB) \u2013 La nouvelle directrice r\u00e9gionale des Sports, de la Jeunesse et de l\u2019Emploi de la r\u00e9gion des Kouls\u00e9, Nida Blanche Hien\/Traor\u00e9, a r\u00e9affirm\u00e9 mercredi sa volont\u00e9 de conduire sa mission [&hellip;]<\/p>\n","protected":false},"author":15,"featured_media":143003,"comment_status":"open","ping_status":"open","sticky":false,"template":"","format":"standard","meta":{"advanced_seo_description":"","jetpack_seo_html_title":"","jetpack_seo_noindex":false,"jetpack_post_was_ever_published":false,"footnotes":""},"categories":[173,93,203,108],"tags":[],"class_list":{"0":"post-143002","1":"post","2":"type-post","3":"status-publish","4":"format-standard","5":"has-post-thumbnail","7":"category-depeches","8":"category-flashinfos","9":"category-la-une-aib","10":"category-sanmatenga"},"jetpack_featured_media_url":"https:\/\/i0.wp.com\/www.aib.media\/wp-content\/uploads\/2026\/03\/IMG-20260312-WA01381.jpg?fit=984%2C566&ssl=1","jetpack_shortlink":"https:\/\/wp.me\/pavbHe-Bcu","_links":{"self":[{"href":"https:\/\/www.aib.media\/index.php?rest_route=\/wp\/v2\/posts\/143002","targetHints":{"allow":["GET"]}}],"collection":[{"href":"https:\/\/www.aib.media\/index.php?rest_route=\/wp\/v2\/posts"}],"about":[{"href":"https:\/\/www.aib.media\/index.php?rest_route=\/wp\/v2\/types\/post"}],"author":[{"embeddable":true,"href":"https:\/\/www.aib.media\/index.php?rest_route=\/wp\/v2\/users\/15"}],"replies":[{"embeddable":true,"href":"https:\/\/www.aib.media\/index.php?rest_route=%2Fwp%2Fv2%2Fcomments&post=143002"}],"version-history":[{"count":1,"href":"https:\/\/www.aib.media\/index.php?rest_route=\/wp\/v2\/posts\/143002\/revisions"}],"predecessor-version":[{"id":143004,"href":"https:\/\/www.aib.media\/index.php?rest_route=\/wp\/v2\/posts\/143002\/revisions\/143004"}],"wp:featuredmedia":[{"embeddable":true,"href":"https:\/\/www.aib.media\/index.php?rest_route=\/wp\/v2\/media\/143003"}],"wp:attachment":[{"href":"https:\/\/www.aib.media\/index.php?rest_route=%2Fwp%2Fv2%2Fmedia&parent=143002"}],"wp:term":[{"taxonomy":"category","embeddable":true,"href":"https:\/\/www.aib.media\/index.php?rest_route=%2Fwp%2Fv2%2Fcategories&post=143002"},{"taxonomy":"post_tag","embeddable":true,"href":"https:\/\/www.aib.media\/index.php?rest_route=%2Fwp%2Fv2%2Ftags&post=143002"}],"curies":[{"name":"wp","href":"https:\/\/api.w.org\/{rel}","templated":true}]}}