{"id":142999,"date":"2026-03-12T12:47:46","date_gmt":"2026-03-12T12:47:46","guid":{"rendered":"https:\/\/www.aib.media\/?p=142999"},"modified":"2026-03-12T12:47:46","modified_gmt":"2026-03-12T12:47:46","slug":"ioba-zambo-les-directeurs-decoles-invites-a-renforcer-la-collaboration-pour-une-education-de-qualite","status":"publish","type":"post","link":"https:\/\/www.aib.media\/?p=142999","title":{"rendered":"Ioba\/Zambo : Les directeurs d\u2019\u00e9coles invit\u00e9s \u00e0 renforcer la collaboration pour une \u00e9ducation de qualit\u00e9"},"content":{"rendered":"<p>Burkina-Ioba-Education-Concertation<\/p>\n<p><strong>Ioba\/Zambo : Les directeurs d\u2019\u00e9coles invit\u00e9s \u00e0 renforcer la collaboration pour une \u00e9ducation de qualit\u00e9<\/strong><\/p>\n<p><strong>Zambo, 10 mars 2026 (AIB) \u2013 Le Directeur provincial de l\u2019\u00e9ducation pr\u00e9scolaire, primaire et non formelle (DPEPPNF) du Ioba, Adama N\u00e9ya, a invit\u00e9 le jeudi 26 f\u00e9vrier 2026, les directeurs d\u2019\u00e9coles de la circonscription d\u2019\u00e9ducation de base (CEB) de Zambo \u00e0 renforcer la collaboration et l\u2019engagement pour l\u2019am\u00e9lioration de la qualit\u00e9 de l\u2019\u00e9ducation.<\/strong><\/p>\n<p>La rencontre d\u2019\u00e9changes, tenue \u00e0 Zambo, a permis au premier responsable provincial de l\u2019enseignement primaire de rappeler aux chefs d\u2019\u00e9tablissements leur r\u00f4le dans la cha\u00eene \u00e9ducative et de s\u2019assurer de la mise en \u0153uvre effective des diff\u00e9rentes r\u00e9formes engag\u00e9es par le minist\u00e8re en charge de l\u2019\u00e9ducation.<\/p>\n<p>Dans son expos\u00e9, M. N\u00e9ya a soulign\u00e9 l\u2019importance de la fonction de directeur d\u2019\u00e9cole, indiquant que celui-ci doit incarner plusieurs qualit\u00e9s indispensables \u00e0 la bonne marche du syst\u00e8me \u00e9ducatif. \u00ab La loyaut\u00e9, la ponctualit\u00e9, l\u2019assiduit\u00e9 et le sens de la responsabilit\u00e9 doivent guider votre action quotidienne \u00bb, a-t-il d\u00e9clar\u00e9.<\/p>\n<p>Il a lanc\u00e9 un appel aux responsables d\u2019\u00e9tablissements \u00e0 faire preuve de coh\u00e9sion et d\u2019engagement dans l\u2019exercice de leurs missions pour une \u00e9ducation de qualit\u00e9. Au cours des \u00e9changes, les directeurs d\u2019\u00e9coles ont indiqu\u00e9 que les r\u00e9formes initi\u00e9es par le minist\u00e8re sont effectivement mises en \u0153uvre dans tous les \u00e9tablissements, malgr\u00e9 certaines difficult\u00e9s rencontr\u00e9es sur le terrain.<\/p>\n<p>Face \u00e0 ces contraintes, le DPEPPNF a recommand\u00e9 aux responsables d\u2019\u00e9tablissement d\u2019explorer des solutions endog\u00e8nes, en attendant un \u00e9ventuel accompagnement de l\u2019\u00c9tat.<\/p>\n<p>La rencontre s\u2019est d\u00e9roul\u00e9e en pr\u00e9sence du chef de la circonscription d\u2019\u00e9ducation de base (CCEB) de Zambo, des encadreurs p\u00e9dagogiques ainsi que du responsable provincial charg\u00e9 de l\u2019encadrement.<\/p>\n<p style=\"text-align: right\"><strong> Agence d\u2019Information du Burkina <\/strong><br \/>\n<strong>CZ\/sz-dnk<\/strong><\/p>\n","protected":false},"excerpt":{"rendered":"<p>Burkina-Ioba-Education-Concertation Ioba\/Zambo : Les directeurs d\u2019\u00e9coles invit\u00e9s \u00e0 renforcer la collaboration pour une \u00e9ducation de qualit\u00e9 Zambo, 10 mars 2026 (AIB) \u2013 Le Directeur provincial de l\u2019\u00e9ducation pr\u00e9scolaire, primaire et non formelle (DPEPPNF) du Ioba, Adama N\u00e9ya, a invit\u00e9 le jeudi 26 f\u00e9vrier 2026, les directeurs d\u2019\u00e9coles de la circonscription d\u2019\u00e9ducation de base (CEB) de [&hellip;]<\/p>\n","protected":false},"author":15,"featured_media":143000,"comment_status":"open","ping_status":"open","sticky":false,"template":"","format":"standard","meta":{"advanced_seo_description":"","jetpack_seo_html_title":"","jetpack_seo_noindex":false,"jetpack_post_was_ever_published":false,"footnotes":""},"categories":[173,93,136,203],"tags":[],"class_list":{"0":"post-142999","1":"post","2":"type-post","3":"status-publish","4":"format-standard","5":"has-post-thumbnail","7":"category-depeches","8":"category-flashinfos","9":"category-ioba","10":"category-la-une-aib"},"jetpack_featured_media_url":"https:\/\/i0.wp.com\/www.aib.media\/wp-content\/uploads\/2026\/03\/IMG-20260312-WA0129.jpg?fit=984%2C432&ssl=1","jetpack_shortlink":"https:\/\/wp.me\/pavbHe-Bcr","_links":{"self":[{"href":"https:\/\/www.aib.media\/index.php?rest_route=\/wp\/v2\/posts\/142999","targetHints":{"allow":["GET"]}}],"collection":[{"href":"https:\/\/www.aib.media\/index.php?rest_route=\/wp\/v2\/posts"}],"about":[{"href":"https:\/\/www.aib.media\/index.php?rest_route=\/wp\/v2\/types\/post"}],"author":[{"embeddable":true,"href":"https:\/\/www.aib.media\/index.php?rest_route=\/wp\/v2\/users\/15"}],"replies":[{"embeddable":true,"href":"https:\/\/www.aib.media\/index.php?rest_route=%2Fwp%2Fv2%2Fcomments&post=142999"}],"version-history":[{"count":1,"href":"https:\/\/www.aib.media\/index.php?rest_route=\/wp\/v2\/posts\/142999\/revisions"}],"predecessor-version":[{"id":143001,"href":"https:\/\/www.aib.media\/index.php?rest_route=\/wp\/v2\/posts\/142999\/revisions\/143001"}],"wp:featuredmedia":[{"embeddable":true,"href":"https:\/\/www.aib.media\/index.php?rest_route=\/wp\/v2\/media\/143000"}],"wp:attachment":[{"href":"https:\/\/www.aib.media\/index.php?rest_route=%2Fwp%2Fv2%2Fmedia&parent=142999"}],"wp:term":[{"taxonomy":"category","embeddable":true,"href":"https:\/\/www.aib.media\/index.php?rest_route=%2Fwp%2Fv2%2Fcategories&post=142999"},{"taxonomy":"post_tag","embeddable":true,"href":"https:\/\/www.aib.media\/index.php?rest_route=%2Fwp%2Fv2%2Ftags&post=142999"}],"curies":[{"name":"wp","href":"https:\/\/api.w.org\/{rel}","templated":true}]}}