{"id":142995,"date":"2026-03-12T12:45:24","date_gmt":"2026-03-12T12:45:24","guid":{"rendered":"https:\/\/www.aib.media\/?p=142995"},"modified":"2026-03-12T12:45:24","modified_gmt":"2026-03-12T12:45:24","slug":"ioba-ouessa-le-chef-de-la-ceb-donne-le-top-de-depart-des-activites-sportives-et-culturelles","status":"publish","type":"post","link":"https:\/\/www.aib.media\/?p=142995","title":{"rendered":"Ioba\/Ouessa : Le chef de la CEB donne le top de d\u00e9part des activit\u00e9s sportives et culturelles"},"content":{"rendered":"<p>Burkina-Ioba-Education-Sport-Culture<\/p>\n<p><strong>Ioba\/Ouessa : Le chef de la CEB donne le top de d\u00e9part des activit\u00e9s sportives et culturelles<\/strong><\/p>\n<p><strong>Ouessa, 9 mars 2026 (AIB) \u2013 Le chef de la Circonscription d\u2019\u00e9ducation de base (CEB) de Ouessa, Nirb\u00e8tersob Val\u00e8re Kpoda, a proc\u00e9d\u00e9 au lancement officiel des activit\u00e9s sportives et culturelles de l\u2019ann\u00e9e scolaire 2025-2026, \u00e0 l\u2019\u00e9cole primaire publique \u00ab A \u00bb de Ouessa.<\/strong><\/p>\n<p>La c\u00e9r\u00e9monie de lancement a mobilis\u00e9 de nombreux enseignants et \u00e9l\u00e8ves venus assister \u00e0 l\u2019ouverture des comp\u00e9titions le mercredi 11 f\u00e9vrier 2026.<br \/>\nDans son allocution, le chef de la CEB de Ouessa, Val\u00e8re Kpoda a indiqu\u00e9 que ces activit\u00e9s constituent un cadre d\u2019\u00e9panouissement, de joie, de partage et d\u2019\u00e9changes entre les \u00e9l\u00e8ves des diff\u00e9rents \u00e9tablissements. Il a exhort\u00e9 l\u2019ensemble des acteurs et particuli\u00e8rement les joueurs \u00e0 cultiver l\u2019esprit sportif. \u00ab Vous devez accepter la d\u00e9faite au m\u00eame titre que la victoire. Je vous invite donc au fair-play \u00bb, a-t-il conclu.<\/p>\n<p>Le match d\u2019ouverture a oppos\u00e9 l\u2019\u00e9cole primaire publique \u00ab B \u00bb de Ham\u00e9l\u00e9 \u00e0 celle de Kolinka \u00ab B \u00bb. La rencontre s\u2019est sold\u00e9e par la victoire de l\u2019\u00e9quipe de Ham\u00e9l\u00e9 \u00ab B \u00bb sur le score de 2 buts \u00e0 0. En plus des comp\u00e9titions sportives, plusieurs activit\u00e9s culturelles sont \u00e9galement pr\u00e9vues au programme. On peut citer entre autres le play-back, le ballet traditionnel et moderne, le tir \u00e0 l\u2019arc ainsi que le d\u00e9fil\u00e9 en tenue traditionnelle.<br \/>\nPour rappel, l\u2019organisation du sport, de la culture et des loisirs \u00e0 l\u2019\u00e9cole primaire (OSCLEP) est un programme \u00e9ducatif visant l\u2019\u00e9panouissement des apprenants \u00e0 travers la pratique du sport et des activit\u00e9s culturelles, contribuant ainsi au d\u00e9veloppement harmonieux du corps et de l\u2019esprit.<\/p>\n<p style=\"text-align: right\"><strong>Agence d\u2019information du Burkina <\/strong><br \/>\n<strong>FC\/sz-dnk<\/strong><\/p>\n","protected":false},"excerpt":{"rendered":"<p>Burkina-Ioba-Education-Sport-Culture Ioba\/Ouessa : Le chef de la CEB donne le top de d\u00e9part des activit\u00e9s sportives et culturelles Ouessa, 9 mars 2026 (AIB) \u2013 Le chef de la Circonscription d\u2019\u00e9ducation de base (CEB) de Ouessa, Nirb\u00e8tersob Val\u00e8re Kpoda, a proc\u00e9d\u00e9 au lancement officiel des activit\u00e9s sportives et culturelles de l\u2019ann\u00e9e scolaire 2025-2026, \u00e0 l\u2019\u00e9cole primaire [&hellip;]<\/p>\n","protected":false},"author":15,"featured_media":142996,"comment_status":"open","ping_status":"open","sticky":false,"template":"","format":"standard","meta":{"advanced_seo_description":"","jetpack_seo_html_title":"","jetpack_seo_noindex":false,"jetpack_post_was_ever_published":false,"footnotes":""},"categories":[173,93,136,203],"tags":[],"class_list":{"0":"post-142995","1":"post","2":"type-post","3":"status-publish","4":"format-standard","5":"has-post-thumbnail","7":"category-depeches","8":"category-flashinfos","9":"category-ioba","10":"category-la-une-aib"},"jetpack_featured_media_url":"https:\/\/i0.wp.com\/www.aib.media\/wp-content\/uploads\/2026\/03\/IMG-20260312-WA0127.jpg?fit=1280%2C960&ssl=1","jetpack_shortlink":"https:\/\/wp.me\/pavbHe-Bcn","_links":{"self":[{"href":"https:\/\/www.aib.media\/index.php?rest_route=\/wp\/v2\/posts\/142995","targetHints":{"allow":["GET"]}}],"collection":[{"href":"https:\/\/www.aib.media\/index.php?rest_route=\/wp\/v2\/posts"}],"about":[{"href":"https:\/\/www.aib.media\/index.php?rest_route=\/wp\/v2\/types\/post"}],"author":[{"embeddable":true,"href":"https:\/\/www.aib.media\/index.php?rest_route=\/wp\/v2\/users\/15"}],"replies":[{"embeddable":true,"href":"https:\/\/www.aib.media\/index.php?rest_route=%2Fwp%2Fv2%2Fcomments&post=142995"}],"version-history":[{"count":1,"href":"https:\/\/www.aib.media\/index.php?rest_route=\/wp\/v2\/posts\/142995\/revisions"}],"predecessor-version":[{"id":142997,"href":"https:\/\/www.aib.media\/index.php?rest_route=\/wp\/v2\/posts\/142995\/revisions\/142997"}],"wp:featuredmedia":[{"embeddable":true,"href":"https:\/\/www.aib.media\/index.php?rest_route=\/wp\/v2\/media\/142996"}],"wp:attachment":[{"href":"https:\/\/www.aib.media\/index.php?rest_route=%2Fwp%2Fv2%2Fmedia&parent=142995"}],"wp:term":[{"taxonomy":"category","embeddable":true,"href":"https:\/\/www.aib.media\/index.php?rest_route=%2Fwp%2Fv2%2Fcategories&post=142995"},{"taxonomy":"post_tag","embeddable":true,"href":"https:\/\/www.aib.media\/index.php?rest_route=%2Fwp%2Fv2%2Ftags&post=142995"}],"curies":[{"name":"wp","href":"https:\/\/api.w.org\/{rel}","templated":true}]}}