{"id":142991,"date":"2026-03-12T12:31:20","date_gmt":"2026-03-12T12:31:20","guid":{"rendered":"https:\/\/www.aib.media\/?p=142991"},"modified":"2026-03-12T12:31:20","modified_gmt":"2026-03-12T12:31:20","slug":"la-communaute-religieuse-renforce-la-cohesion-sociale-autour-dune-rupture-collective-de-jeune","status":"publish","type":"post","link":"https:\/\/www.aib.media\/?p=142991","title":{"rendered":"La communaut\u00e9 religieuse renforce la coh\u00e9sion sociale autour d&rsquo;une rupture collective de je\u00fbne"},"content":{"rendered":"<p>Burkina-Liptako-Yagha-Sebba-Religion-Rupture-Je\u00fbne<\/p>\n<p><strong>La communaut\u00e9 religieuse renforce la coh\u00e9sion sociale autour d&rsquo;une rupture collective de je\u00fbne<\/strong><\/p>\n<p><strong>Sebba, 12 mars 2026 (AIB) &#8211; La communaut\u00e9 religieuse de la ville de Sebba a organis\u00e9, le mardi 10 mars 2026, une rupture collective de je\u00fbne \u00e0 la mosqu\u00e9e sunnite afin de renforcer la coh\u00e9sion sociale, la solidarit\u00e9 et le vivre-ensemble entre les diff\u00e9rentes communaut\u00e9s de la localit\u00e9.<\/strong><\/p>\n<p>C\u2019est la deuxi\u00e8me rencontre du genre durant ce mois de car\u00eame. Cette activit\u00e9 intervient apr\u00e8s une premi\u00e8re rupture tenue le 28 f\u00e9vrier dernier \u00e0 la grande mosqu\u00e9e Tijania, dans le but de consolider les liens sociaux et de promouvoir la solidarit\u00e9 entre les populations.<\/p>\n<p>Initi\u00e9e par les membres de la communaut\u00e9 religieuse, cette rencontre se veut \u00e9galement un cadre de rapprochement entre les diff\u00e9rentes confessions religieuses et les composantes de la soci\u00e9t\u00e9 locale. Elle constitue aussi un appel \u00e0 la paix dans les c\u0153urs, \u00e0 l\u2019entraide et au vivre-ensemble dans un contexte o\u00f9 la coh\u00e9sion sociale demeure une priorit\u00e9 pour les populations de la province du Yagha.<\/p>\n<p>La c\u00e9r\u00e9monie a connu la pr\u00e9sence des autorit\u00e9s communales, des Forces de d\u00e9fense et de s\u00e9curit\u00e9 (FDS), des Volontaires pour la d\u00e9fense de la patrie (VDP), du directeur provincial de l\u2019action humanitaire, des autorit\u00e9s coutumi\u00e8res ainsi que des repr\u00e9sentants d\u2019autres confessions religieuses. Apr\u00e8s le partage du repas \u00e0 l\u2019heure de la rupture, des messages de sensibilisation ont \u00e9t\u00e9 d\u00e9livr\u00e9s \u00e0 l\u2019endroit des fid\u00e8les musulmans et invit\u00e9s sur la solidarit\u00e9, l\u2019entraide et la consolidation de la paix sociale.<\/p>\n<p>Une troisi\u00e8me rencontre est pr\u00e9vue \u00e0 la fin du mois de je\u00fbne \u00e0 la deuxi\u00e8me mosqu\u00e9e Tijania de la ville marquant ainsi le dernier rendez-vous du mois.<\/p>\n<p style=\"text-align: right\">\n<strong>Agence d\u2019information du Burkina<\/strong><br \/>\n<strong>MAM\/AS\/ATA<\/strong><\/p>\n","protected":false},"excerpt":{"rendered":"<p>Burkina-Liptako-Yagha-Sebba-Religion-Rupture-Je\u00fbne La communaut\u00e9 religieuse renforce la coh\u00e9sion sociale autour d&rsquo;une rupture collective de je\u00fbne Sebba, 12 mars 2026 (AIB) &#8211; La communaut\u00e9 religieuse de la ville de Sebba a organis\u00e9, le mardi 10 mars 2026, une rupture collective de je\u00fbne \u00e0 la mosqu\u00e9e sunnite afin de renforcer la coh\u00e9sion sociale, la solidarit\u00e9 et le vivre-ensemble [&hellip;]<\/p>\n","protected":false},"author":21,"featured_media":142992,"comment_status":"open","ping_status":"open","sticky":false,"template":"","format":"standard","meta":{"advanced_seo_description":"","jetpack_seo_html_title":"","jetpack_seo_noindex":false,"jetpack_post_was_ever_published":false,"footnotes":""},"categories":[173,93,203,53,36,134],"tags":[],"class_list":{"0":"post-142991","1":"post","2":"type-post","3":"status-publish","4":"format-standard","5":"has-post-thumbnail","7":"category-depeches","8":"category-flashinfos","9":"category-la-une-aib","10":"category-sahel","11":"category-societe","12":"category-yagha"},"jetpack_featured_media_url":"https:\/\/i0.wp.com\/www.aib.media\/wp-content\/uploads\/2026\/03\/21-2.jpeg?fit=1020%2C765&ssl=1","jetpack_shortlink":"https:\/\/wp.me\/pavbHe-Bcj","_links":{"self":[{"href":"https:\/\/www.aib.media\/index.php?rest_route=\/wp\/v2\/posts\/142991","targetHints":{"allow":["GET"]}}],"collection":[{"href":"https:\/\/www.aib.media\/index.php?rest_route=\/wp\/v2\/posts"}],"about":[{"href":"https:\/\/www.aib.media\/index.php?rest_route=\/wp\/v2\/types\/post"}],"author":[{"embeddable":true,"href":"https:\/\/www.aib.media\/index.php?rest_route=\/wp\/v2\/users\/21"}],"replies":[{"embeddable":true,"href":"https:\/\/www.aib.media\/index.php?rest_route=%2Fwp%2Fv2%2Fcomments&post=142991"}],"version-history":[{"count":1,"href":"https:\/\/www.aib.media\/index.php?rest_route=\/wp\/v2\/posts\/142991\/revisions"}],"predecessor-version":[{"id":142993,"href":"https:\/\/www.aib.media\/index.php?rest_route=\/wp\/v2\/posts\/142991\/revisions\/142993"}],"wp:featuredmedia":[{"embeddable":true,"href":"https:\/\/www.aib.media\/index.php?rest_route=\/wp\/v2\/media\/142992"}],"wp:attachment":[{"href":"https:\/\/www.aib.media\/index.php?rest_route=%2Fwp%2Fv2%2Fmedia&parent=142991"}],"wp:term":[{"taxonomy":"category","embeddable":true,"href":"https:\/\/www.aib.media\/index.php?rest_route=%2Fwp%2Fv2%2Fcategories&post=142991"},{"taxonomy":"post_tag","embeddable":true,"href":"https:\/\/www.aib.media\/index.php?rest_route=%2Fwp%2Fv2%2Ftags&post=142991"}],"curies":[{"name":"wp","href":"https:\/\/api.w.org\/{rel}","templated":true}]}}