{"id":142982,"date":"2026-03-12T11:39:36","date_gmt":"2026-03-12T11:39:36","guid":{"rendered":"https:\/\/www.aib.media\/?p=142982"},"modified":"2026-03-12T11:39:36","modified_gmt":"2026-03-12T11:39:36","slug":"mouhoun-reprise-des-activites-de-la-compagnie-de-transport-staf-a-tcheriba-la-population-salue-la-decision-des-autorites","status":"publish","type":"post","link":"https:\/\/www.aib.media\/?p=142982","title":{"rendered":"Mouhoun\/Reprise des activit\u00e9s de la compagnie de transport STAF \u00e0 Tch\u00e9riba : La population salue la d\u00e9cision des autorit\u00e9s"},"content":{"rendered":"<p>BURKINA-MOUHOUN-TCHERIBA-TRANSPORT-REPRISE<\/p>\n<p><strong>Mouhoun\/Reprise des activit\u00e9s de la compagnie de transport STAF \u00e0 Tch\u00e9riba : La population salue la d\u00e9cision des autorit\u00e9s<\/strong><\/p>\n<p><strong>Tch\u00e9riba, 12 mars 2026 (AIB)-La population de Tch\u00e9riba, a accueilli avec soulagement la reprise des activit\u00e9s de la Soci\u00e9t\u00e9 de Transport Aor\u00e8ma et Fr\u00e8res (STAF), intervenue le 10 mars 2026, apr\u00e8s plus de trois semaines de suspension.<\/strong><\/p>\n<p>Pour rappel, un arr\u00eat\u00e9 pris le 12 f\u00e9vrier 2026 avait ordonn\u00e9 la suspension des activit\u00e9s de transport routier de la soci\u00e9t\u00e9 \u00e0 compter du 16 f\u00e9vrier.<\/p>\n<p>Cette d\u00e9cision faisait suite \u00e0 plusieurs manquements constat\u00e9s, notamment des infractions au code de la route et au non-respect de la limitation de vitesse.<\/p>\n<p>A l\u2019\u00e9poque, la d\u00e9cision avait suscit\u00e9 diverses r\u00e9actions. Si certains craignaient les cons\u00e9quences \u00e9conomiques et sociales d\u2019une telle mesure, d\u2019autres avaient salu\u00e9 l\u2019initiative des autorit\u00e9s, esp\u00e9rant qu\u2019elle contribue \u00e0 renforcer la discipline dans le secteur du transport.<\/p>\n<p>Apr\u00e8s 21 jours d\u2019arr\u00eat, un nouvel arr\u00eat\u00e9 des autorit\u00e9s du ministre de l\u2019Administration territoriale et de la mobilit\u00e9 a autoris\u00e9 la reprise des activit\u00e9s de la soci\u00e9t\u00e9.<\/p>\n<p>Le 10 mars 2026, l\u2019arriv\u00e9e du premier car de STAF \u00e0 la gare de Tch\u00e9riba a \u00e9t\u00e9 accueillie avec enthousiasme par les vendeuses ambulantes, les agents de la gare et les passagers.<\/p>\n<p>Selon Fatim Traor\u00e9, passag\u00e8re en provenance de Ouagadougou, la suspension des activit\u00e9s de STAF a fortement perturb\u00e9 le transport des voyageurs.<\/p>\n<p>Elle a expliqu\u00e9 que les autres compagnies avaient du mal \u00e0 faire face \u00e0 l\u2019affluence, provoquant souvent de longues attentes pour les clients.<\/p>\n<p>M\u00eame satisfaction chez Abdoul Razak Ou\u00e9draogo, agent au service courrier, qui a indiqu\u00e9 que l\u2019arr\u00eat des cars avait caus\u00e9 de nombreux retards dans l\u2019acheminement des correspondances.<\/p>\n<p>Pour Minata Traor\u00e9, vendeuse de s\u00e9same, la reprise des activit\u00e9s repr\u00e9sente \u00e9galement un soulagement.<\/p>\n<p>Elle a soulign\u00e9 que les cars de STAF constituent un important march\u00e9 pour les commer\u00e7antes, permettant parfois d\u2019\u00e9couler pour 1 500 \u00e0 2 500 F CFA de marchandises en un seul arr\u00eat.<\/p>\n<p>Le chef de la gare de Tch\u00e9riba, Souleman Dissa, a expliqu\u00e9 que pendant la p\u00e9riode de suspension, les agents de la gare rencontraient des difficult\u00e9s pour trouver des places aux voyageurs, les autres compagnies arrivent souvent d\u00e9j\u00e0 pleines.<\/p>\n<p>Toutefois, M. Dissa, a reconnu que la d\u00e9cision de suspension \u00e9tait n\u00e9cessaire face \u00e0 la multiplication des accidents et aux comportements dangereux de certains conducteurs.<\/p>\n<p>\u00ab Cette d\u00e9cision rappelle que nul n\u2019est indispensable \u00bb, a-t-il affirm\u00e9, tout en insistant sur l\u2019importance de pr\u00e9server la vie humaine.<\/p>\n<p>Dans la ville, de nombreux habitants saluent \u00e0 la fois la reprise des activit\u00e9s de STAF et la fermet\u00e9 des autorit\u00e9s.<\/p>\n<p>Certains appellent toutefois le minist\u00e8re en charge des transports \u00e0 renforcer les contr\u00f4les r\u00e9guliers dans les compagnies de transport afin de pr\u00e9venir les drames plut\u00f4t que d\u2019y r\u00e9agir apr\u00e8s coup.<\/p>\n<p style=\"text-align: right\"><strong>Agence d\u2019information du Burkina<\/strong><\/p>\n<p style=\"text-align: right\"><strong>SLT\/SB\/HB\/OO<\/strong><\/p>\n","protected":false},"excerpt":{"rendered":"<p>BURKINA-MOUHOUN-TCHERIBA-TRANSPORT-REPRISE Mouhoun\/Reprise des activit\u00e9s de la compagnie de transport STAF \u00e0 Tch\u00e9riba : La population salue la d\u00e9cision des autorit\u00e9s Tch\u00e9riba, 12 mars 2026 (AIB)-La population de Tch\u00e9riba, a accueilli avec soulagement la reprise des activit\u00e9s de la Soci\u00e9t\u00e9 de Transport Aor\u00e8ma et Fr\u00e8res (STAF), intervenue le 10 mars 2026, apr\u00e8s plus de trois semaines [&hellip;]<\/p>\n","protected":false},"author":21,"featured_media":142983,"comment_status":"open","ping_status":"open","sticky":false,"template":"","format":"standard","meta":{"advanced_seo_description":"","jetpack_seo_html_title":"","jetpack_seo_noindex":false,"jetpack_post_was_ever_published":false,"footnotes":""},"categories":[43,173,37,93,203,97,36],"tags":[],"class_list":{"0":"post-142982","1":"post","2":"type-post","3":"status-publish","4":"format-standard","5":"has-post-thumbnail","7":"category-boucle-du-mouhoun","8":"category-depeches","9":"category-economie","10":"category-flashinfos","11":"category-la-une-aib","12":"category-mouhoun","13":"category-societe"},"jetpack_featured_media_url":"https:\/\/i0.wp.com\/www.aib.media\/wp-content\/uploads\/2026\/03\/12-1.jpeg?fit=615%2C460&ssl=1","jetpack_shortlink":"https:\/\/wp.me\/pavbHe-Bca","_links":{"self":[{"href":"https:\/\/www.aib.media\/index.php?rest_route=\/wp\/v2\/posts\/142982","targetHints":{"allow":["GET"]}}],"collection":[{"href":"https:\/\/www.aib.media\/index.php?rest_route=\/wp\/v2\/posts"}],"about":[{"href":"https:\/\/www.aib.media\/index.php?rest_route=\/wp\/v2\/types\/post"}],"author":[{"embeddable":true,"href":"https:\/\/www.aib.media\/index.php?rest_route=\/wp\/v2\/users\/21"}],"replies":[{"embeddable":true,"href":"https:\/\/www.aib.media\/index.php?rest_route=%2Fwp%2Fv2%2Fcomments&post=142982"}],"version-history":[{"count":1,"href":"https:\/\/www.aib.media\/index.php?rest_route=\/wp\/v2\/posts\/142982\/revisions"}],"predecessor-version":[{"id":142984,"href":"https:\/\/www.aib.media\/index.php?rest_route=\/wp\/v2\/posts\/142982\/revisions\/142984"}],"wp:featuredmedia":[{"embeddable":true,"href":"https:\/\/www.aib.media\/index.php?rest_route=\/wp\/v2\/media\/142983"}],"wp:attachment":[{"href":"https:\/\/www.aib.media\/index.php?rest_route=%2Fwp%2Fv2%2Fmedia&parent=142982"}],"wp:term":[{"taxonomy":"category","embeddable":true,"href":"https:\/\/www.aib.media\/index.php?rest_route=%2Fwp%2Fv2%2Fcategories&post=142982"},{"taxonomy":"post_tag","embeddable":true,"href":"https:\/\/www.aib.media\/index.php?rest_route=%2Fwp%2Fv2%2Ftags&post=142982"}],"curies":[{"name":"wp","href":"https:\/\/api.w.org\/{rel}","templated":true}]}}