{"id":142968,"date":"2026-03-12T10:32:00","date_gmt":"2026-03-12T10:32:00","guid":{"rendered":"https:\/\/www.aib.media\/?p=142968"},"modified":"2026-03-12T10:32:00","modified_gmt":"2026-03-12T10:32:00","slug":"namentenga-lost-sensibilise-les-travailleurs-sur-les-normes-des-bureaux-pour-prevenir-les-troubles-de-vue","status":"publish","type":"post","link":"https:\/\/www.aib.media\/?p=142968","title":{"rendered":"Namentenga : L\u2019OST sensibilise les travailleurs sur les normes des bureaux pour pr\u00e9venir les troubles de vue"},"content":{"rendered":"<p>Burkina-Namentenga-Sant\u00e9-Travailleurs-Sensibilisation<\/p>\n<p><strong>Namentenga : L\u2019OST sensibilise les travailleurs sur les normes des bureaux pour pr\u00e9venir les troubles de vue<\/strong><\/p>\n<p><strong>Boulsa, 11 mars 2026 (AIB) \u2013 Le haut-commissaire de la province du Namentenga, Adama Conseiga, a pr\u00e9sid\u00e9 ce mercredi \u00e0 Boulsa, une rencontre de sensibilisation de l\u2019Office de sant\u00e9 des travailleurs (OST) avec les directeurs provinciaux, les chefs de service et des entreprises affili\u00e9es, afin d\u2019am\u00e9liorer les conditions de travail et pr\u00e9server la sant\u00e9 des agents.<\/strong><\/p>\n<p>La rencontre a permis \u00e0 l\u2019\u00e9quipe de l\u2019OST de Kaya de constater de visu les conditions de travail des agents de l\u2019\u00c9tat et des entreprises disposant d\u2019un contrat d\u2019affiliation avec l\u2019office, et de leur prodiguer des conseils pour am\u00e9liorer leur sant\u00e9 au travail.<br \/>\nSelon le chef de service de l\u2019OST de Kaya, Lamoussa Ou\u00e9draogo, plusieurs insuffisances ont \u00e9t\u00e9 relev\u00e9es dans les bureaux visit\u00e9s, notamment le non-respect des normes d\u2019\u00e9clairage et l\u2019utilisation de si\u00e8ges v\u00e9tustes et inadapt\u00e9s.<\/p>\n<p>Il a expliqu\u00e9 que les ampoules devraient \u00eatre plac\u00e9es horizontalement au-dessus de chaque plan de travail afin de limiter les risques de baisse de la vue, de fatigue oculaire et de maux de t\u00eate persistants.<\/p>\n<p>M. Ou\u00e9draogo a \u00e9galement soulign\u00e9 que les si\u00e8ges non ergonomiques favorisent les douleurs lombaires et les maux de dos chez les travailleurs.<br \/>\n\u00ab Beaucoup reste \u00e0 faire pour \u00e9viter la baisse de la vue des travailleurs et les douleurs lombaires \u00bb, a-t-il indiqu\u00e9.<\/p>\n<p>Les participants, qui ont reconnu ignorer certaines de ces normes, ont salu\u00e9 les conseils re\u00e7us, estimant qu\u2019ils contribueront \u00e0 am\u00e9liorer leur sant\u00e9 et leur rendement professionnel.<br \/>\nLa rencontre a aussi permis d\u2019\u00e9changer sur les conditions de r\u00e9ussite de la visite m\u00e9dicale des agents de l\u2019\u00c9tat et des travailleurs des entreprises affili\u00e9es \u00e0 l\u2019OST, pr\u00e9vue \u00e0 Boulsa \u00e0 partir du 1er avril 2026.<\/p>\n<p>Le haut-commissaire, Adama Conseiga a remerci\u00e9 l\u2019\u00e9quipe de l\u2019OST pour cette initiative qui, selon lui, permettra aux travailleurs d\u2019adopter de meilleures pratiques pour pr\u00e9server leur sant\u00e9 et am\u00e9liorer leur productivit\u00e9.<\/p>\n<p style=\"text-align: right\">\n<strong>Agence d\u2019information du Burkina<\/strong><br \/>\n<strong>JBD\/no\/ata<\/strong><\/p>\n","protected":false},"excerpt":{"rendered":"<p>Burkina-Namentenga-Sant\u00e9-Travailleurs-Sensibilisation Namentenga : L\u2019OST sensibilise les travailleurs sur les normes des bureaux pour pr\u00e9venir les troubles de vue Boulsa, 11 mars 2026 (AIB) \u2013 Le haut-commissaire de la province du Namentenga, Adama Conseiga, a pr\u00e9sid\u00e9 ce mercredi \u00e0 Boulsa, une rencontre de sensibilisation de l\u2019Office de sant\u00e9 des travailleurs (OST) avec les directeurs provinciaux, les [&hellip;]<\/p>\n","protected":false},"author":21,"featured_media":142971,"comment_status":"open","ping_status":"open","sticky":false,"template":"","format":"standard","meta":{"advanced_seo_description":"","jetpack_seo_html_title":"","jetpack_seo_noindex":false,"jetpack_post_was_ever_published":false,"footnotes":""},"categories":[46,173,93,203,107,36],"tags":[],"class_list":{"0":"post-142968","1":"post","2":"type-post","3":"status-publish","4":"format-standard","5":"has-post-thumbnail","7":"category-centre-nord","8":"category-depeches","9":"category-flashinfos","10":"category-la-une-aib","11":"category-namentenga","12":"category-societe"},"jetpack_featured_media_url":"https:\/\/i0.wp.com\/www.aib.media\/wp-content\/uploads\/2026\/03\/3-17.jpeg?fit=1016%2C852&ssl=1","jetpack_shortlink":"https:\/\/wp.me\/pavbHe-BbW","_links":{"self":[{"href":"https:\/\/www.aib.media\/index.php?rest_route=\/wp\/v2\/posts\/142968","targetHints":{"allow":["GET"]}}],"collection":[{"href":"https:\/\/www.aib.media\/index.php?rest_route=\/wp\/v2\/posts"}],"about":[{"href":"https:\/\/www.aib.media\/index.php?rest_route=\/wp\/v2\/types\/post"}],"author":[{"embeddable":true,"href":"https:\/\/www.aib.media\/index.php?rest_route=\/wp\/v2\/users\/21"}],"replies":[{"embeddable":true,"href":"https:\/\/www.aib.media\/index.php?rest_route=%2Fwp%2Fv2%2Fcomments&post=142968"}],"version-history":[{"count":1,"href":"https:\/\/www.aib.media\/index.php?rest_route=\/wp\/v2\/posts\/142968\/revisions"}],"predecessor-version":[{"id":142972,"href":"https:\/\/www.aib.media\/index.php?rest_route=\/wp\/v2\/posts\/142968\/revisions\/142972"}],"wp:featuredmedia":[{"embeddable":true,"href":"https:\/\/www.aib.media\/index.php?rest_route=\/wp\/v2\/media\/142971"}],"wp:attachment":[{"href":"https:\/\/www.aib.media\/index.php?rest_route=%2Fwp%2Fv2%2Fmedia&parent=142968"}],"wp:term":[{"taxonomy":"category","embeddable":true,"href":"https:\/\/www.aib.media\/index.php?rest_route=%2Fwp%2Fv2%2Fcategories&post=142968"},{"taxonomy":"post_tag","embeddable":true,"href":"https:\/\/www.aib.media\/index.php?rest_route=%2Fwp%2Fv2%2Ftags&post=142968"}],"curies":[{"name":"wp","href":"https:\/\/api.w.org\/{rel}","templated":true}]}}