{"id":142960,"date":"2026-03-12T10:05:59","date_gmt":"2026-03-12T10:05:59","guid":{"rendered":"https:\/\/www.aib.media\/?p=142960"},"modified":"2026-03-12T10:05:59","modified_gmt":"2026-03-12T10:05:59","slug":"poni-une-journee-de-salubrite-pour-commemorer-le-8-mars-a-loropeni","status":"publish","type":"post","link":"https:\/\/www.aib.media\/?p=142960","title":{"rendered":"Poni: Une journ\u00e9e de salubrit\u00e9 pour comm\u00e9morer le 8 mars \u00e0 Lorop\u00e9ni"},"content":{"rendered":"<p><strong>Poni: Une journ\u00e9e de salubrit\u00e9 pour comm\u00e9morer le 8 mars \u00e0 Lorop\u00e9ni<\/strong><\/p>\n<p><strong>Lorop\u00e9ni, 9 mars 2026 (AIB) \u2013 Le pr\u00e9sident de la d\u00e9l\u00e9gation sp\u00e9ciale (PDS) de la commune de Lorop\u00e9ni, Faon-Nignin\u00e8 Jean Damasc\u00e8ne Som\u00e9, a organis\u00e9 le dimanche 8 mars 2026 une journ\u00e9e de salubrit\u00e9, en collaboration avec la Coordination d\u00e9partementale des associations f\u00e9minines de Lorop\u00e9ni, dans le cadre de la comm\u00e9moration de la 169e Journ\u00e9e internationale des droits de la femme.<\/strong><\/p>\n<p>Cette activit\u00e9 a mobilis\u00e9 les forces vives de la commune, notamment les associations f\u00e9minines, les groupements de jeunes, les responsables de services d\u00e9concentr\u00e9s ainsi que des leaders communautaires.<\/p>\n<p>Plac\u00e9e sous le signe de l\u2019engagement citoyen et de la solidarit\u00e9, l\u2019initiative a permis de nettoyer et d\u2019assainir plusieurs services publics de la localit\u00e9, notamment la pr\u00e9fecture de Lorop\u00e9ni, le Service de l\u2019Action sociale (SAS), la Circonscription d\u2019\u00e9ducation de base (CEB) et le Centre de sant\u00e9 et de promotion sociale (CSPS).<\/p>\n<p>\u00c0 l\u2019issue des travaux, le PDS de Lorop\u00e9ni, Faon-Nignin\u00e8 Jean Damasc\u00e8ne Som\u00e9, a exprim\u00e9 sa gratitude \u00e0 l\u2019ensemble des participants, saluant particuli\u00e8rement la forte mobilisation des hommes lors de cette activit\u00e9.<\/p>\n<p>M. Som\u00e9 a encourag\u00e9 ces derniers \u00e0 maintenir cette dynamique citoyenne et a exhort\u00e9 les femmes \u00e0 s\u2019impliquer davantage dans les initiatives de d\u00e9veloppement de la commune.<\/p>\n<p>Pour sa part, la pr\u00e9sidente de la Coordination d\u00e9partementale des associations f\u00e9minines de Lorop\u00e9ni, Biba Bamba, a exprim\u00e9 sa relative insatisfaction face \u00e0 la faible mobilisation des femmes, estimant que cette activit\u00e9 leur incombe en grande partie.<\/p>\n<p>Mme Bamba a toutefois pris l\u2019engagement de renforcer la sensibilisation afin d\u2019encourager les femmes \u00e0 participer davantage aux actions communautaires et \u00e0 contribuer activement \u00e0 la construction de la nation.<\/p>\n<p>Selon les deux responsables, la Journ\u00e9e internationale des droits de la femme ne doit plus \u00eatre per\u00e7ue uniquement comme une journ\u00e9e festive, mais plut\u00f4t comme une occasion de renforcer la protection des droits des femmes et des filles, ainsi que leur engagement dans le d\u00e9veloppement du pays.<\/p>\n<p>La journ\u00e9e a \u00e9galement \u00e9t\u00e9 marqu\u00e9e par la pr\u00e9sentation d\u2019une nouvelle association d\u00e9nomm\u00e9e Association des Ressortissants de l\u2019Ouest vivant \u00e0 Lorop\u00e9ni (ARO\/L).<\/p>\n<p>Selon son pr\u00e9sident, Baferba Soma, cette association a pour objectif de promouvoir la coh\u00e9sion sociale entre les populations. Il a pr\u00e9cis\u00e9 qu\u2019elle reste ouverte \u00e0 tous les ressortissants des r\u00e9gions de l\u2019Ouest et du Dj\u00f4r\u00f4 d\u00e9sireux d\u2019y adh\u00e9rer.<\/p>\n<p style=\"text-align: right\"><strong>Agence d&rsquo;Information du Burkina <\/strong><br \/>\n<strong>SM\/ms\/bak<\/strong><\/p>\n","protected":false},"excerpt":{"rendered":"<p>Poni: Une journ\u00e9e de salubrit\u00e9 pour comm\u00e9morer le 8 mars \u00e0 Lorop\u00e9ni Lorop\u00e9ni, 9 mars 2026 (AIB) \u2013 Le pr\u00e9sident de la d\u00e9l\u00e9gation sp\u00e9ciale (PDS) de la commune de Lorop\u00e9ni, Faon-Nignin\u00e8 Jean Damasc\u00e8ne Som\u00e9, a organis\u00e9 le dimanche 8 mars 2026 une journ\u00e9e de salubrit\u00e9, en collaboration avec la Coordination d\u00e9partementale des associations f\u00e9minines de [&hellip;]<\/p>\n","protected":false},"author":15,"featured_media":142961,"comment_status":"open","ping_status":"open","sticky":false,"template":"","format":"standard","meta":{"advanced_seo_description":"","jetpack_seo_html_title":"","jetpack_seo_noindex":false,"jetpack_post_was_ever_published":false,"footnotes":""},"categories":[173,93,203,138],"tags":[],"class_list":{"0":"post-142960","1":"post","2":"type-post","3":"status-publish","4":"format-standard","5":"has-post-thumbnail","7":"category-depeches","8":"category-flashinfos","9":"category-la-une-aib","10":"category-poni"},"jetpack_featured_media_url":"https:\/\/i0.wp.com\/www.aib.media\/wp-content\/uploads\/2026\/03\/IMG-20260312-WA00153.jpg?fit=1280%2C576&ssl=1","jetpack_shortlink":"https:\/\/wp.me\/pavbHe-BbO","_links":{"self":[{"href":"https:\/\/www.aib.media\/index.php?rest_route=\/wp\/v2\/posts\/142960","targetHints":{"allow":["GET"]}}],"collection":[{"href":"https:\/\/www.aib.media\/index.php?rest_route=\/wp\/v2\/posts"}],"about":[{"href":"https:\/\/www.aib.media\/index.php?rest_route=\/wp\/v2\/types\/post"}],"author":[{"embeddable":true,"href":"https:\/\/www.aib.media\/index.php?rest_route=\/wp\/v2\/users\/15"}],"replies":[{"embeddable":true,"href":"https:\/\/www.aib.media\/index.php?rest_route=%2Fwp%2Fv2%2Fcomments&post=142960"}],"version-history":[{"count":1,"href":"https:\/\/www.aib.media\/index.php?rest_route=\/wp\/v2\/posts\/142960\/revisions"}],"predecessor-version":[{"id":142962,"href":"https:\/\/www.aib.media\/index.php?rest_route=\/wp\/v2\/posts\/142960\/revisions\/142962"}],"wp:featuredmedia":[{"embeddable":true,"href":"https:\/\/www.aib.media\/index.php?rest_route=\/wp\/v2\/media\/142961"}],"wp:attachment":[{"href":"https:\/\/www.aib.media\/index.php?rest_route=%2Fwp%2Fv2%2Fmedia&parent=142960"}],"wp:term":[{"taxonomy":"category","embeddable":true,"href":"https:\/\/www.aib.media\/index.php?rest_route=%2Fwp%2Fv2%2Fcategories&post=142960"},{"taxonomy":"post_tag","embeddable":true,"href":"https:\/\/www.aib.media\/index.php?rest_route=%2Fwp%2Fv2%2Ftags&post=142960"}],"curies":[{"name":"wp","href":"https:\/\/api.w.org\/{rel}","templated":true}]}}