{"id":142957,"date":"2026-03-12T10:03:00","date_gmt":"2026-03-12T10:03:00","guid":{"rendered":"https:\/\/www.aib.media\/?p=142957"},"modified":"2026-03-12T10:03:00","modified_gmt":"2026-03-12T10:03:00","slug":"poni-les-femmes-du-bouroum-bouroum-celebrent-le-8-mars-a-travers-une-operation-de-nettoyage","status":"publish","type":"post","link":"https:\/\/www.aib.media\/?p=142957","title":{"rendered":"Poni: Les femmes du Bouroum-Bouroum c\u00e9l\u00e8brent le 8 mars \u00e0 travers une op\u00e9ration de nettoyage"},"content":{"rendered":"<p><strong>Poni: Les femmes du Bouroum-Bouroum c\u00e9l\u00e8brent le 8 mars \u00e0 travers une op\u00e9ration de nettoyage<\/strong><\/p>\n<p><strong>Bouroum-Bouroum, 9 mars 2026 (AIB) \u2013 Les femmes de la commune rurale de Bouroum-Bouroum ont organis\u00e9, dans la matin\u00e9e du samedi 7 mars 2026, une journ\u00e9e de salubrit\u00e9 consacr\u00e9e \u00e0 l\u2019assainissement de plusieurs services publics de la localit\u00e9, \u00e0 l\u2019occasion de la c\u00e9l\u00e9bration de la 169\u1d49 Journ\u00e9e internationale des droits de la femme.<\/strong><\/p>\n<p>Pendant pr\u00e8s de trois heures, dans une atmosph\u00e8re conviviale et empreinte de solidarit\u00e9, les participantes ont proc\u00e9d\u00e9 au nettoyage de plusieurs infrastructures publiques de la commune de Bouroum-Bouroum.<\/p>\n<p>L\u2019op\u00e9ration a concern\u00e9 notamment le Centre de sant\u00e9 et de promotion sociale (CSPS), la mairie, le commissariat de police, le service de l\u2019environnement ainsi que le march\u00e9 communal.<\/p>\n<p>Cette initiative de salubrit\u00e9, men\u00e9e avec l\u2019implication des R\u00e9f\u00e9rents Opportunit\u00e9s Insertion (ROPI) et le soutien de la d\u00e9l\u00e9gation sp\u00e9ciale de la commune Bouroum-Bouroum, s\u2019inscrit dans la dynamique des activit\u00e9s pr\u00e9paratoires marquant la comm\u00e9moration du 8 mars.<\/p>\n<p>S\u2019exprimant au nom de la coordinatrice communale des femmes de Bouroum-Bouroum, Nathalie Doly a soulign\u00e9 que cette action vise \u00e9galement \u00e0 encourager les femmes \u00e0 s\u2019impliquer davantage dans la vie sociale et \u00e9conomique de leur communaut\u00e9.<\/p>\n<p>Selon elle, l\u2019objectif est aussi de susciter une prise de conscience chez les femmes afin qu\u2019elles brisent le silence, aussi bien au sein du foyer que dans le milieu professionnel.<\/p>\n<p>\u00ab La femme ne doit pas se limiter uniquement aux t\u00e2ches domestiques. Elle doit aussi participer activement au d\u00e9veloppement de la nation \u00bb, a-t-elle affirm\u00e9.<\/p>\n<p>Le Pr\u00e9sident de la d\u00e9l\u00e9gation sp\u00e9ciale (PDS) de la commune de Bouroum-Bouroum, Brahima Kindo, a salu\u00e9 la forte mobilisation des femmes et les a f\u00e9licit\u00e9es pour cette initiative citoyenne.<\/p>\n<p>M. Kindo les a \u00e9galement invit\u00e9es \u00e0 poursuivre leur engagement aux c\u00f4t\u00e9s des Forces de d\u00e9fense et de s\u00e9curit\u00e9 (FDS) et des Volontaires pour la d\u00e9fense de la patrie (VDP), afin de contribuer \u00e0 la pr\u00e9servation de la paix et de la stabilit\u00e9 au Burkina Faso.<\/p>\n<p style=\"text-align: right\"><strong>Agence d&rsquo;Information du Burkina <\/strong><br \/>\n<strong>SE\/ms\/bak<\/strong><\/p>\n","protected":false},"excerpt":{"rendered":"<p>Poni: Les femmes du Bouroum-Bouroum c\u00e9l\u00e8brent le 8 mars \u00e0 travers une op\u00e9ration de nettoyage Bouroum-Bouroum, 9 mars 2026 (AIB) \u2013 Les femmes de la commune rurale de Bouroum-Bouroum ont organis\u00e9, dans la matin\u00e9e du samedi 7 mars 2026, une journ\u00e9e de salubrit\u00e9 consacr\u00e9e \u00e0 l\u2019assainissement de plusieurs services publics de la localit\u00e9, \u00e0 l\u2019occasion [&hellip;]<\/p>\n","protected":false},"author":15,"featured_media":142958,"comment_status":"open","ping_status":"open","sticky":false,"template":"","format":"standard","meta":{"advanced_seo_description":"","jetpack_seo_html_title":"","jetpack_seo_noindex":false,"jetpack_post_was_ever_published":false,"footnotes":""},"categories":[173,93,203,138],"tags":[],"class_list":{"0":"post-142957","1":"post","2":"type-post","3":"status-publish","4":"format-standard","5":"has-post-thumbnail","7":"category-depeches","8":"category-flashinfos","9":"category-la-une-aib","10":"category-poni"},"jetpack_featured_media_url":"https:\/\/i0.wp.com\/www.aib.media\/wp-content\/uploads\/2026\/03\/IMG-20260312-WA00142.jpg?fit=1152%2C648&ssl=1","jetpack_shortlink":"https:\/\/wp.me\/pavbHe-BbL","_links":{"self":[{"href":"https:\/\/www.aib.media\/index.php?rest_route=\/wp\/v2\/posts\/142957","targetHints":{"allow":["GET"]}}],"collection":[{"href":"https:\/\/www.aib.media\/index.php?rest_route=\/wp\/v2\/posts"}],"about":[{"href":"https:\/\/www.aib.media\/index.php?rest_route=\/wp\/v2\/types\/post"}],"author":[{"embeddable":true,"href":"https:\/\/www.aib.media\/index.php?rest_route=\/wp\/v2\/users\/15"}],"replies":[{"embeddable":true,"href":"https:\/\/www.aib.media\/index.php?rest_route=%2Fwp%2Fv2%2Fcomments&post=142957"}],"version-history":[{"count":1,"href":"https:\/\/www.aib.media\/index.php?rest_route=\/wp\/v2\/posts\/142957\/revisions"}],"predecessor-version":[{"id":142959,"href":"https:\/\/www.aib.media\/index.php?rest_route=\/wp\/v2\/posts\/142957\/revisions\/142959"}],"wp:featuredmedia":[{"embeddable":true,"href":"https:\/\/www.aib.media\/index.php?rest_route=\/wp\/v2\/media\/142958"}],"wp:attachment":[{"href":"https:\/\/www.aib.media\/index.php?rest_route=%2Fwp%2Fv2%2Fmedia&parent=142957"}],"wp:term":[{"taxonomy":"category","embeddable":true,"href":"https:\/\/www.aib.media\/index.php?rest_route=%2Fwp%2Fv2%2Fcategories&post=142957"},{"taxonomy":"post_tag","embeddable":true,"href":"https:\/\/www.aib.media\/index.php?rest_route=%2Fwp%2Fv2%2Ftags&post=142957"}],"curies":[{"name":"wp","href":"https:\/\/api.w.org\/{rel}","templated":true}]}}