{"id":142952,"date":"2026-03-11T19:05:11","date_gmt":"2026-03-11T19:05:11","guid":{"rendered":"https:\/\/www.aib.media\/?p=142952"},"modified":"2026-03-11T19:05:11","modified_gmt":"2026-03-11T19:05:11","slug":"sourou-journee-de-redevabilite-la-delegation-speciale-de-tougan-presente-des-realisations-de-plus-de-86-millions-de-fcfa","status":"publish","type":"post","link":"https:\/\/www.aib.media\/?p=142952","title":{"rendered":"Sourou\/Journ\u00e9e de redevabilit\u00e9 : La d\u00e9l\u00e9gation sp\u00e9ciale de Tougan pr\u00e9sente des r\u00e9alisations de plus de 86 millions de FCFA"},"content":{"rendered":"<p>BURKINA-SOUROU-GESTION-REDEVABILIT\u00c9<\/p>\n<p><strong>Sourou\/Journ\u00e9e de redevabilit\u00e9 : La d\u00e9l\u00e9gation sp\u00e9ciale de Tougan pr\u00e9sente des r\u00e9alisations de plus de 86 millions de FCFA<\/strong><\/p>\n<p><strong>Tougan, 11 mars 2026 (AIB) \u2013 La d\u00e9l\u00e9gation sp\u00e9ciale de la commune de Tougan a sacrifi\u00e9, lenmardi 10 mars, dans la salle de r\u00e9union du CELPAC, \u00e0 la tradition de la transparence lors de sa journ\u00e9e de redevabilit\u00e9, sous la pr\u00e9sidence de son pr\u00e9sident, Ouigou Tiendreb\u00e9ogo, en pr\u00e9sence du Haut-commissaire de la province du Sourou, D\u00e9sir\u00e9 Badolo, des autorit\u00e9s administratives et coutumi\u00e8res et de plusieurs partenaires au d\u00e9veloppement.<\/strong><\/p>\n<p>Au cours de cette rencontre tenue le mardi 10 mars 2026, la d\u00e9l\u00e9gation sp\u00e9ciale a pr\u00e9sent\u00e9 la situation des investissements de la commune au titre de l\u2019ann\u00e9e 2025 et d\u00e9clin\u00e9 des perspectives pour davantage de r\u00e9alisations en 2026.<\/p>\n<p>Il ressort de cet exercice de redevabilit\u00e9 qu\u2019au titre des investissements r\u00e9alis\u00e9s en 2025, la commune a, entre autres, proc\u00e9d\u00e9 \u00e0 la r\u00e9fection de la morgue du CMA de Tougan, aux travaux de finition de trois salles de classe, \u00e0 l\u2019acquisition de mat\u00e9riel informatique, ainsi qu\u2019\u00e0 l\u2019acquisition de mat\u00e9riel de protection et de communication au profit des Volontaires pour la d\u00e9fense de la patrie (VDP).<\/p>\n<p>\u00c0 cela s\u2019ajoutent la r\u00e9alisation d\u2019une latrine \u00e0 quatre postes, la r\u00e9habilitation d\u2019une autre latrine \u00e0 quatre postes, la construction d\u2019une latrine VIP \u00e0 double fosse, la r\u00e9habilitation de deux jardins et la r\u00e9fection d\u2019un b\u00e2timent \u00e0 usage administratif. L\u2019ensemble de ces r\u00e9alisations est estim\u00e9 \u00e0 un montant global de quatre-vingt-six millions deux cent quatre-vingt-sept mille six cent quatre-vingt-dix (86 287 690) francs CFA.<\/p>\n<p>La d\u00e9l\u00e9gation sp\u00e9ciale a \u00e9galement indiqu\u00e9 avoir proc\u00e9d\u00e9 \u00e0 l\u2019acquisition de vivres sur fonds propres, d\u2019un montant de quatre millions neuf cent mille (4 900 000) francs CFA, au profit des VDP.<\/p>\n<p>Dans l\u2019optique d\u2019accro\u00eetre les recettes locales en 2026, la d\u00e9l\u00e9gation sp\u00e9ciale pr\u00e9voit notamment l\u2019assainissement de l\u2019occupation des boutiques au march\u00e9, la poursuite de l\u2019am\u00e9nagement et de l\u2019affermage des espaces verts, ainsi que la prospection de sites d\u2019accueil pour de nouveaux investissements marchands.<\/p>\n<p>Pour Adama Zala, participant \u00e0 cette journ\u00e9e de redevabilit\u00e9, les r\u00e9alisations de la commune sont satisfaisantes au regard du contexte s\u00e9curitaire difficile que conna\u00eet la province.<\/p>\n<p>\u00ab Au regard des r\u00e9alisations pr\u00e9sent\u00e9es malgr\u00e9 l\u2019ins\u00e9curit\u00e9, nous sommes tr\u00e8s satisfaits. Certes, il y a encore des choses \u00e0 faire, mais avec l\u2019am\u00e9lioration de la situation s\u00e9curitaire, nous avons espoir que tout ira bien pour le d\u00e9veloppement de notre commune \u00bb, a-t-il indiqu\u00e9.<\/p>\n<p>Il s\u2019est par ailleurs engag\u00e9 \u00e0 \u00eatre un vecteur de sensibilisation aupr\u00e8s de la population afin que chacun s\u2019acquitte de ses taxes pour un d\u00e9veloppement rapide de la commune.<\/p>\n<p>Pr\u00e9sent \u00e0 cette journ\u00e9e de redevabilit\u00e9, le Haut-commissaire de la province du Sourou, D\u00e9sir\u00e9 Badolo, a salu\u00e9 la qualit\u00e9 des \u00e9changes et la participation citoyenne. Il a encourag\u00e9 la population \u00e0 soutenir les actions communales, \u00e0 renforcer la coh\u00e9sion sociale et \u00e0 s\u2019impliquer davantage dans la mobilisation des recettes locales.<\/p>\n<p style=\"text-align: right\"><strong>Agence d&rsquo;information du Burkina<\/strong><\/p>\n<p style=\"text-align: right\"><strong>SS\/NO\/ATA<\/strong><\/p>\n","protected":false},"excerpt":{"rendered":"<p>BURKINA-SOUROU-GESTION-REDEVABILIT\u00c9 Sourou\/Journ\u00e9e de redevabilit\u00e9 : La d\u00e9l\u00e9gation sp\u00e9ciale de Tougan pr\u00e9sente des r\u00e9alisations de plus de 86 millions de FCFA Tougan, 11 mars 2026 (AIB) \u2013 La d\u00e9l\u00e9gation sp\u00e9ciale de la commune de Tougan a sacrifi\u00e9, lenmardi 10 mars, dans la salle de r\u00e9union du CELPAC, \u00e0 la tradition de la transparence lors de sa [&hellip;]<\/p>\n","protected":false},"author":21,"featured_media":142953,"comment_status":"open","ping_status":"open","sticky":false,"template":"","format":"standard","meta":{"advanced_seo_description":"","jetpack_seo_html_title":"","jetpack_seo_noindex":false,"jetpack_post_was_ever_published":false,"footnotes":""},"categories":[43,173,93,203,99],"tags":[],"class_list":{"0":"post-142952","1":"post","2":"type-post","3":"status-publish","4":"format-standard","5":"has-post-thumbnail","7":"category-boucle-du-mouhoun","8":"category-depeches","9":"category-flashinfos","10":"category-la-une-aib","11":"category-sourou"},"jetpack_featured_media_url":"https:\/\/i0.wp.com\/www.aib.media\/wp-content\/uploads\/2026\/03\/54.jpeg?fit=1006%2C446&ssl=1","jetpack_shortlink":"https:\/\/wp.me\/pavbHe-BbG","_links":{"self":[{"href":"https:\/\/www.aib.media\/index.php?rest_route=\/wp\/v2\/posts\/142952","targetHints":{"allow":["GET"]}}],"collection":[{"href":"https:\/\/www.aib.media\/index.php?rest_route=\/wp\/v2\/posts"}],"about":[{"href":"https:\/\/www.aib.media\/index.php?rest_route=\/wp\/v2\/types\/post"}],"author":[{"embeddable":true,"href":"https:\/\/www.aib.media\/index.php?rest_route=\/wp\/v2\/users\/21"}],"replies":[{"embeddable":true,"href":"https:\/\/www.aib.media\/index.php?rest_route=%2Fwp%2Fv2%2Fcomments&post=142952"}],"version-history":[{"count":1,"href":"https:\/\/www.aib.media\/index.php?rest_route=\/wp\/v2\/posts\/142952\/revisions"}],"predecessor-version":[{"id":142954,"href":"https:\/\/www.aib.media\/index.php?rest_route=\/wp\/v2\/posts\/142952\/revisions\/142954"}],"wp:featuredmedia":[{"embeddable":true,"href":"https:\/\/www.aib.media\/index.php?rest_route=\/wp\/v2\/media\/142953"}],"wp:attachment":[{"href":"https:\/\/www.aib.media\/index.php?rest_route=%2Fwp%2Fv2%2Fmedia&parent=142952"}],"wp:term":[{"taxonomy":"category","embeddable":true,"href":"https:\/\/www.aib.media\/index.php?rest_route=%2Fwp%2Fv2%2Fcategories&post=142952"},{"taxonomy":"post_tag","embeddable":true,"href":"https:\/\/www.aib.media\/index.php?rest_route=%2Fwp%2Fv2%2Ftags&post=142952"}],"curies":[{"name":"wp","href":"https:\/\/api.w.org\/{rel}","templated":true}]}}