{"id":142946,"date":"2026-03-11T18:06:44","date_gmt":"2026-03-11T18:06:44","guid":{"rendered":"https:\/\/www.aib.media\/?p=142946"},"modified":"2026-03-11T18:06:44","modified_gmt":"2026-03-11T18:06:44","slug":"elevage-710-vaches-gestantes-importees-du-bresil-pour-renforcer-la-production-laitiere-au-burkina-faso","status":"publish","type":"post","link":"https:\/\/www.aib.media\/?p=142946","title":{"rendered":"\u00c9levage : 710 vaches gestantes import\u00e9es du Br\u00e9sil pour renforcer la production laiti\u00e8re au Burkina Faso"},"content":{"rendered":"<p><strong>\u00c9levage : 710 vaches gestantes import\u00e9es du Br\u00e9sil pour renforcer la production laiti\u00e8re au Burkina Faso<\/strong><\/p>\n<p><strong>Loumbila, 11 mars 2026 (AIB)-Le gouvernement burkinab\u00e8 a proc\u00e9d\u00e9, mercredi \u00e0 Loumbila, dans la r\u00e9gion de l\u2019Oubri, \u00e0 la r\u00e9ception officielle de 710 vaches gestantes performantes import\u00e9es du Br\u00e9sil, dans le cadre du programme Faso Kossam, visant \u00e0 renforcer durablement la production nationale de lait et de viande et \u00e0 r\u00e9duire la d\u00e9pendance aux importations.<\/strong><\/p>\n<p>La c\u00e9r\u00e9monie, organis\u00e9e dans la commune de Loumbila, a \u00e9t\u00e9 pr\u00e9sid\u00e9e par le ministre d\u2019\u00c9tat, ministre de l\u2019Agriculture, des Ressources animales et halieutiques, Isma\u00ebl Sombi\u00e9, en pr\u00e9sence des autorit\u00e9s administratives, des responsables techniques du d\u00e9partement, des partenaires et des b\u00e9n\u00e9ficiaires du projet.<\/p>\n<p>Le ministre a rappel\u00e9 que les importations de lait co\u00fbtent chaque ann\u00e9e plus de 20 milliards de FCFA au Burkina Faso, une charge importante pour l\u2019\u00e9conomie nationale. \u00ab C\u2019est pour corriger cette situation que nous avons, en amont, mis en place Faso Goulgo et renforc\u00e9 les capacit\u00e9s de la Direction des services v\u00e9t\u00e9rinaires. Faso Kossam est une premi\u00e8re phase ; nous allons suivre de pr\u00e8s l\u2019\u00e9volution de ces animaux et il y aura d\u2019autres phases \u00bb, a-t-il expliqu\u00e9.<\/p>\n<p>Les bovins r\u00e9ceptionn\u00e9s appartiennent \u00e0 des races reconnues pour leurs performances laiti\u00e8res et bouch\u00e8res, notamment Girolando, Gir, Guzerat et Nelore. Leur introduction dans le cheptel national devrait permettre d\u2019am\u00e9liorer rapidement la productivit\u00e9 gr\u00e2ce au croisement et \u00e0 une meilleure conduite d\u2019\u00e9levage.<\/p>\n<p>Selon le ministre Sombi\u00e9, plus d\u2019un million de litres de lait sont attendus d\u00e8s cette ann\u00e9e \u00e0 partir de cette op\u00e9ration. Il a insist\u00e9 sur la n\u00e9cessit\u00e9 de ne pas traiter ces animaux \u00ab de fa\u00e7on classique \u00bb, appelant l\u2019ensemble de l\u2019interprofession et les \u00e9leveurs \u00e0 respecter les normes techniques et sanitaires afin d\u2019atteindre les r\u00e9sultats escompt\u00e9s.<\/p>\n<p>Les acteurs de la fili\u00e8re lait ont salu\u00e9 une initiative jug\u00e9e concr\u00e8te et porteuse d\u2019espoir. Pour le pr\u00e9sident de l\u2019Interprofession du lait du Burkina Faso, Kiswendsida Ou\u00e9draogo, cette action r\u00e9pond \u00e0 une attente ancienne des producteurs.<\/p>\n<p>\u00ab C\u2019est un sentiment de joie et de fiert\u00e9. Nous avons longtemps cherch\u00e9 des solutions, notamment \u00e0 travers l\u2019ins\u00e9mination artificielle. Aujourd\u2019hui, c\u2019est du concret et cela va booster la production laiti\u00e8re en un clin d\u2019\u0153il \u00bb, a-t-il confi\u00e9, assurant que les professionnels du secteur s\u2019engagent \u00e0 produire des r\u00e9sultats probants dans un d\u00e9lai d\u2019un an.<\/p>\n<p>La charg\u00e9e d\u2019affaires \u00e0 l\u2019ambassade du Br\u00e9sil au Burkina Faso, Claudia Assaf, a indiqu\u00e9 que cette initiative s\u2019inscrit dans le prolongement du Dialogue Br\u00e9sil\u2013Afrique sur l\u2019agriculture et la s\u00e9curit\u00e9 alimentaire, tenu en mai 2025 \u00e0 l\u2019initiative du pr\u00e9sident br\u00e9silien Luiz In\u00e1cio Lula da Silva, et traduit la volont\u00e9 commune de renforcer la coop\u00e9ration agricole entre les deux pays.<\/p>\n<p>Les b\u00e9n\u00e9ficiaires ont exprim\u00e9 leur satisfaction face \u00e0 la concr\u00e9tisation de cette promesse gouvernementale et ont remerci\u00e9 le gouvernement ainsi que le Pr\u00e9sident du Faso, le capitaine Ibrahim Traor\u00e9, pour cette action en faveur du d\u00e9veloppement du secteur de l\u2019\u00e9levage.<\/p>\n<p>Pour les autorit\u00e9s, la diffusion progressive de ces vaches gestantes performantes constitue une \u00e9tape importante vers la souverainet\u00e9 alimentaire et l\u2019am\u00e9lioration des revenus des producteurs burkinab\u00e8.<\/p>\n<p style=\"text-align: right\"><strong>Agence d\u2019information du Burkina<\/strong><br \/>\n<strong>MO\/LC<\/strong><\/p>\n","protected":false},"excerpt":{"rendered":"<p>\u00c9levage : 710 vaches gestantes import\u00e9es du Br\u00e9sil pour renforcer la production laiti\u00e8re au Burkina Faso Loumbila, 11 mars 2026 (AIB)-Le gouvernement burkinab\u00e8 a proc\u00e9d\u00e9, mercredi \u00e0 Loumbila, dans la r\u00e9gion de l\u2019Oubri, \u00e0 la r\u00e9ception officielle de 710 vaches gestantes performantes import\u00e9es du Br\u00e9sil, dans le cadre du programme Faso Kossam, visant \u00e0 renforcer [&hellip;]<\/p>\n","protected":false},"author":15,"featured_media":142947,"comment_status":"open","ping_status":"open","sticky":false,"template":"","format":"standard","meta":{"advanced_seo_description":"","jetpack_seo_html_title":"","jetpack_seo_noindex":false,"jetpack_post_was_ever_published":false,"footnotes":""},"categories":[173,93,102,203],"tags":[],"class_list":{"0":"post-142946","1":"post","2":"type-post","3":"status-publish","4":"format-standard","5":"has-post-thumbnail","7":"category-depeches","8":"category-flashinfos","9":"category-kadiogo","10":"category-la-une-aib"},"jetpack_featured_media_url":"https:\/\/i0.wp.com\/www.aib.media\/wp-content\/uploads\/2026\/03\/IMG-20260311-WA01031.jpg?fit=1280%2C720&ssl=1","jetpack_shortlink":"https:\/\/wp.me\/pavbHe-BbA","_links":{"self":[{"href":"https:\/\/www.aib.media\/index.php?rest_route=\/wp\/v2\/posts\/142946","targetHints":{"allow":["GET"]}}],"collection":[{"href":"https:\/\/www.aib.media\/index.php?rest_route=\/wp\/v2\/posts"}],"about":[{"href":"https:\/\/www.aib.media\/index.php?rest_route=\/wp\/v2\/types\/post"}],"author":[{"embeddable":true,"href":"https:\/\/www.aib.media\/index.php?rest_route=\/wp\/v2\/users\/15"}],"replies":[{"embeddable":true,"href":"https:\/\/www.aib.media\/index.php?rest_route=%2Fwp%2Fv2%2Fcomments&post=142946"}],"version-history":[{"count":1,"href":"https:\/\/www.aib.media\/index.php?rest_route=\/wp\/v2\/posts\/142946\/revisions"}],"predecessor-version":[{"id":142948,"href":"https:\/\/www.aib.media\/index.php?rest_route=\/wp\/v2\/posts\/142946\/revisions\/142948"}],"wp:featuredmedia":[{"embeddable":true,"href":"https:\/\/www.aib.media\/index.php?rest_route=\/wp\/v2\/media\/142947"}],"wp:attachment":[{"href":"https:\/\/www.aib.media\/index.php?rest_route=%2Fwp%2Fv2%2Fmedia&parent=142946"}],"wp:term":[{"taxonomy":"category","embeddable":true,"href":"https:\/\/www.aib.media\/index.php?rest_route=%2Fwp%2Fv2%2Fcategories&post=142946"},{"taxonomy":"post_tag","embeddable":true,"href":"https:\/\/www.aib.media\/index.php?rest_route=%2Fwp%2Fv2%2Ftags&post=142946"}],"curies":[{"name":"wp","href":"https:\/\/api.w.org\/{rel}","templated":true}]}}