{"id":142887,"date":"2026-03-11T10:55:58","date_gmt":"2026-03-11T10:55:58","guid":{"rendered":"https:\/\/www.aib.media\/?p=142887"},"modified":"2026-03-11T10:55:58","modified_gmt":"2026-03-11T10:55:58","slug":"namentenga-lancement-ussu-bf-lequipe-du-lycee-provincial-remporte-la-victoire-par-le-score-dun-but-a-zero","status":"publish","type":"post","link":"https:\/\/www.aib.media\/?p=142887","title":{"rendered":"Namentenga\/Lancement USSU-BF : L\u2019\u00e9quipe du lyc\u00e9e provincial remporte la victoire par le score d\u2019un but \u00e0 z\u00e9ro"},"content":{"rendered":"<p><strong>Namentenga\/Lancement USSU-BF : L\u2019\u00e9quipe du lyc\u00e9e provincial remporte la victoire par le score d\u2019un but \u00e0 z\u00e9ro<\/strong><\/p>\n<p><strong>Boulsa, 11 mars 2026 (AIB) \u2013 Le Haut-commissaire de la province du Namentenga, Adama Conseiga, par ailleurs superviseur provincial de l\u2019USSU-BF\/Namentenga, a pr\u00e9sid\u00e9, le mardi 10 mars 2026 \u00e0 Boulsa, l\u2019ouverture des comp\u00e9titions de l\u2019Union sportive scolaire et universitaire du Burkina Faso (USSU-BF) au titre de la saison 2025-2026.Le match d\u2019ouverture s\u2019est sold\u00e9 par la victoire de l\u2019\u00e9quipe du lyc\u00e9e provincial face \u00e0 celle du lyc\u00e9e professionnel Jan Vervoort, par le score d\u2019un but \u00e0 z\u00e9ro.<\/strong><\/p>\n<p>Les \u00e9tablissements publics et priv\u00e9s relevant de la commune de Boulsa, chacun selon son potentiel, se sont engag\u00e9s dans plusieurs disciplines, notamment le football, le handball, le volleyball, l\u2019athl\u00e9tisme et la lutte, dans l\u2019optique de d\u00e9crocher les meilleurs prix au plan provincial et r\u00e9gional.<\/p>\n<p>Selon le directeur provincial des Sports et des Loisirs, Pengdwende Joseph Sawadogo, le calendrier des diff\u00e9rentes comp\u00e9titions a \u00e9t\u00e9 \u00e9tabli de concert avec les encadreurs sportifs des \u00e9tablissements engag\u00e9s.<\/p>\n<p>En donnant le top de d\u00e9part des comp\u00e9titions, le Haut-commissaire, Adama Conseiga a rendu hommage au directeur provincial de l\u2019Enseignement secondaire et de la Formation professionnelle et technique, Sibiri Abdoulaye Yarbanga, aux encadreurs sportifs ainsi qu\u2019\u00e0 leurs poulains pour leur engagement \u00e0 d\u00e9fendre les couleurs de la province et \u00e0 pr\u00e9parer des p\u00e9pites pour la nation.<\/p>\n<p>Le premier responsable de la province a souhait\u00e9 une campagne sportive plac\u00e9e sous le signe du fair-play et du patriotisme, tout en rappelant aux participants l\u2019importance de respecter leur engagement de rafler le maximum de prix lors des phases r\u00e9gionales.<br \/>\nLes comp\u00e9titions concernent les sports individuels, notamment l\u2019athl\u00e9tisme (saut en hauteur et saut en longueur), ainsi que les sports collectifs tels que le football, le handball, le basketball, le volleyball et la lutte africaine, pour les filles et les gar\u00e7ons des cat\u00e9gories U15, U17 et U20.<\/p>\n<p>Pour rappel, lors de l\u2019\u00e9dition pr\u00e9c\u00e9dente, la province a enregistr\u00e9 43 prix sur 50 au plan r\u00e9gional, dont 11 premi\u00e8res places et deux deuxi\u00e8mes places en sports collectifs sur 18, 13 premi\u00e8res places et 11 deuxi\u00e8mes places sur 26 en sports individuels, ainsi que cinq premi\u00e8res places et une deuxi\u00e8me place sur six en lutte africaine.<\/p>\n<p style=\"text-align: right\">\n<strong>Agence d\u2019information du Burkina<\/strong><br \/>\n<strong>JDB\/no\/ata<\/strong><\/p>\n","protected":false},"excerpt":{"rendered":"<p>Namentenga\/Lancement USSU-BF : L\u2019\u00e9quipe du lyc\u00e9e provincial remporte la victoire par le score d\u2019un but \u00e0 z\u00e9ro Boulsa, 11 mars 2026 (AIB) \u2013 Le Haut-commissaire de la province du Namentenga, Adama Conseiga, par ailleurs superviseur provincial de l\u2019USSU-BF\/Namentenga, a pr\u00e9sid\u00e9, le mardi 10 mars 2026 \u00e0 Boulsa, l\u2019ouverture des comp\u00e9titions de l\u2019Union sportive scolaire et [&hellip;]<\/p>\n","protected":false},"author":21,"featured_media":142888,"comment_status":"open","ping_status":"open","sticky":false,"template":"","format":"standard","meta":{"advanced_seo_description":"","jetpack_seo_html_title":"","jetpack_seo_noindex":false,"jetpack_post_was_ever_published":false,"footnotes":""},"categories":[46,173,93,71,203,107,39],"tags":[],"class_list":{"0":"post-142887","1":"post","2":"type-post","3":"status-publish","4":"format-standard","5":"has-post-thumbnail","7":"category-centre-nord","8":"category-depeches","9":"category-flashinfos","10":"category-football","11":"category-la-une-aib","12":"category-namentenga","13":"category-sport"},"jetpack_featured_media_url":"https:\/\/i0.wp.com\/www.aib.media\/wp-content\/uploads\/2026\/03\/21-1.jpeg?fit=1016%2C852&ssl=1","jetpack_shortlink":"https:\/\/wp.me\/pavbHe-BaD","_links":{"self":[{"href":"https:\/\/www.aib.media\/index.php?rest_route=\/wp\/v2\/posts\/142887","targetHints":{"allow":["GET"]}}],"collection":[{"href":"https:\/\/www.aib.media\/index.php?rest_route=\/wp\/v2\/posts"}],"about":[{"href":"https:\/\/www.aib.media\/index.php?rest_route=\/wp\/v2\/types\/post"}],"author":[{"embeddable":true,"href":"https:\/\/www.aib.media\/index.php?rest_route=\/wp\/v2\/users\/21"}],"replies":[{"embeddable":true,"href":"https:\/\/www.aib.media\/index.php?rest_route=%2Fwp%2Fv2%2Fcomments&post=142887"}],"version-history":[{"count":1,"href":"https:\/\/www.aib.media\/index.php?rest_route=\/wp\/v2\/posts\/142887\/revisions"}],"predecessor-version":[{"id":142889,"href":"https:\/\/www.aib.media\/index.php?rest_route=\/wp\/v2\/posts\/142887\/revisions\/142889"}],"wp:featuredmedia":[{"embeddable":true,"href":"https:\/\/www.aib.media\/index.php?rest_route=\/wp\/v2\/media\/142888"}],"wp:attachment":[{"href":"https:\/\/www.aib.media\/index.php?rest_route=%2Fwp%2Fv2%2Fmedia&parent=142887"}],"wp:term":[{"taxonomy":"category","embeddable":true,"href":"https:\/\/www.aib.media\/index.php?rest_route=%2Fwp%2Fv2%2Fcategories&post=142887"},{"taxonomy":"post_tag","embeddable":true,"href":"https:\/\/www.aib.media\/index.php?rest_route=%2Fwp%2Fv2%2Ftags&post=142887"}],"curies":[{"name":"wp","href":"https:\/\/api.w.org\/{rel}","templated":true}]}}